{"id":171086,"date":"2019-06-18T13:12:21","date_gmt":"2019-06-18T10:12:21","guid":{"rendered":"http:\/\/www.tvturk.com\/index.php\/saganak-yagis-sele-neden-oldu-vatandaslar-kuaforde-mahsur-kaldi\/"},"modified":"2019-06-18T13:12:21","modified_gmt":"2019-06-18T10:12:21","slug":"saganak-yagis-sele-neden-oldu-vatandaslar-kuaforde-mahsur-kaldi","status":"publish","type":"post","link":"http:\/\/www.tvturk.com\/index.php\/saganak-yagis-sele-neden-oldu-vatandaslar-kuaforde-mahsur-kaldi\/","title":{"rendered":"Sa\u011fanak ya\u011f\u0131\u015f sele neden oldu, vatanda\u015flar kuaf\u00f6rde mahsur kald\u0131"},"content":{"rendered":"<p>Kocaeli\u2019de etkili olan sa\u011fanak ya\u011f\u0131\u015f hayat\u0131 olumsuz etkilerken, sel sular\u0131n\u0131n bast\u0131\u011f\u0131 bir kuaf\u00f6rde mahsur kalan vatanda\u015flar\u0131 itfaiye kurtard\u0131.<\/p>\n<p>Kocaeli\u2019de etkili olan sa\u011fanak ya\u011f\u0131\u015f vatanda\u015flar\u0131n zor anlar ya\u015famas\u0131na neden oldu. Ge\u00e7en hafta Marmara B\u00f6lgesi\u2019nde etkili olan kuvvetli sa\u011fanak ya\u011f\u0131\u015flar\u0131n bu hafta da devam edece\u011fi uzmanlar taraf\u0131ndan tahmin edilirken, g\u00f6k g\u00fcr\u00fclt\u00fcl\u00fc sa\u011fanak ya\u011f\u0131\u015f Kocaeli\u2019yi etkisi alt\u0131na ald\u0131. \u00d6\u011flen saatlerinde \u0130zmit, Derince, Kartepe, G\u00f6lc\u00fck, Karam\u00fcrsel ve Ba\u015fiskele il\u00e7elerinde etkili olan ya\u011f\u0131\u015f nedeni ile cadde ve yollarda su birikintileri olu\u015furken, ya\u011f\u0131\u015fa haz\u0131rl\u0131ks\u0131z yakalanan vatanda\u015flar ise zor anlar ya\u015fad\u0131. Ara\u00e7lar su bask\u0131nlar\u0131n\u0131n ya\u015fand\u0131\u011f\u0131 caddelerde ilerlemekte g\u00fc\u00e7l\u00fck \u00e7ekti. D\u0131\u015far\u0131da bir anda bast\u0131ran ya\u011fmura yakalanan vatanda\u015flar, sa\u00e7aklar\u0131n alt\u0131na girerek ve farkl\u0131 y\u00f6ntemlerle kendisini korumaya \u00e7al\u0131\u015ft\u0131.<\/p>\n<p>Kuaf\u00f6rde mahsur kalan vatanda\u015flar\u0131 itfaiye kurtard\u0131<\/p>\n<p>Kuvvetli sa\u011fanak ya\u011f\u0131\u015f\u0131n etkili oldu\u011fu \u0130zmit il\u00e7esi Kozluk Mahallesi \u00d6v\u00fcl Tezi\u015fler Sokak\u2019te bulunan bir kad\u0131n kuaf\u00f6r\u00fcnde su bask\u0131n\u0131 meydana geldi. Ya\u015fanan olay s\u0131ras\u0131nda i\u00e7eride bulunan 4 ki\u015fi mahsur kald\u0131. D\u0131\u015far\u0131 \u00e7\u0131kamayan vatanda\u015flar durumu hemen 112 Acil Yard\u0131m ekiplerine bildirdi. \u0130hbar \u00fczerine olay yerine gelen itfaiye ekipleri, i\u015f yerini basan suyu tahliye ederek mahsur kalan vatanda\u015flar\u0131 kurtard\u0131. Olay an\u0131n\u0131 anlatan kuaf\u00f6r sahibi U\u011fur Leylek, &#8220;Mazgallar sular\u0131 \u00e7ekmiyor. Yukar\u0131 mahallelerden gelen sular direk buraya geliyor. Bir mazgal iki farkl\u0131 y\u00f6nden gelen suyu \u00e7ekmez. Biz de i\u00e7eride mahsur kald\u0131k. Bakt\u0131k su geliyor, hemen kap\u0131y\u0131 kapatt\u0131k&#8221; dedi.<\/p>\n<p>Ya\u011f\u0131\u015flar\u0131n yerel olarak kuvvetli \u015fekilde devam etmesi bekleniyor<\/p>\n<p>Etkili olan ya\u011f\u0131\u015f sonras\u0131nda can kayb\u0131 olmazken, itfaiye ve belediye ekipleri su bask\u0131nlar\u0131n\u0131n ya\u015fand\u0131\u011f\u0131 b\u00f6lgelerde su tahliyesi yaparak herhangi bir olumsuzlu\u011fun ya\u015fanmas\u0131n\u0131 engellemeye \u00e7al\u0131\u015f\u0131yor. Ya\u011f\u0131\u015f\u0131n ilerleyen saatlerde devam etmesi beklenirken, Meteoroloji Genel M\u00fcd\u00fcrl\u00fc\u011f\u00fcnden yap\u0131lan a\u00e7\u0131klamada yurdun b\u00fcy\u00fck bir b\u00f6l\u00fcm\u00fcnde ge\u00e7ti\u011fimiz hafta boyunca yerel olarak kuvvetli ve yer yer \u015fiddetli g\u00f6k g\u00fcr\u00fclt\u00fcl\u00fc sa\u011fanak \u015feklinde ya\u011f\u0131\u015fa neden olan sistemin \u00f6n\u00fcm\u00fczdeki hafta sonuna kadar etkisini daha da art\u0131rarak devam edece\u011finin tahmin edildi\u011fi duyuruldu.<\/p>\n","protected":false},"excerpt":{"rendered":"<p>KOCAEL\u0130\u2019DE ETK\u0130L\u0130 OLAN SA\u011eANAK YA\u011eI\u015e HAYATI OLUMSUZ ETK\u0130LERKEN, SEL SULARININ BASTI\u011eI B\u0130R KUAF\u00d6RDE MAHSUR KALAN VATANDA\u015eLARI \u0130TFA\u0130YE KURTARDI.<\/p>\n","protected":false},"author":1,"featured_media":0,"comment_status":"closed","ping_status":"open","sticky":false,"template":"","format":"standard","meta":{"jetpack_post_was_ever_published":false,"_jetpack_newsletter_access":"","_jetpack_dont_email_post_to_subs":false,"_jetpack_newsletter_tier_id":0,"_jetpack_memberships_contains_paywalled_content":false,"_jetpack_memberships_contains_paid_content":false,"footnotes":"","jetpack_publicize_message":"","jetpack_publicize_feature_enabled":true,"jetpack_social_post_already_shared":true,"jetpack_social_options":{"image_generator_settings":{"template":"highway","default_image_id":0,"font":"","enabled":false},"version":2}},"categories":[1],"tags":[1853,41277,2381,1130,77,4463,8394,2344,1577],"class_list":["post-171086","post","type-post","status-publish","format-standard","hentry","category-genel","tag-kaldi","tag-kuaforde","tag-mahsur","tag-neden","tag-oldu","tag-saganak","tag-sele","tag-vatandaslar","tag-yagis"],"jetpack_publicize_connections":[],"jetpack_featured_media_url":"","jetpack_sharing_enabled":true,"jetpack_shortlink":"https:\/\/wp.me\/paKIfm-Ivs","_links":{"self":[{"href":"http:\/\/www.tvturk.com\/index.php\/wp-json\/wp\/v2\/posts\/171086","targetHints":{"allow":["GET"]}}],"collection":[{"href":"http:\/\/www.tvturk.com\/index.php\/wp-json\/wp\/v2\/posts"}],"about":[{"href":"http:\/\/www.tvturk.com\/index.php\/wp-json\/wp\/v2\/types\/post"}],"author":[{"embeddable":true,"href":"http:\/\/www.tvturk.com\/index.php\/wp-json\/wp\/v2\/users\/1"}],"replies":[{"embeddable":true,"href":"http:\/\/www.tvturk.com\/index.php\/wp-json\/wp\/v2\/comments?post=171086"}],"version-history":[{"count":0,"href":"http:\/\/www.tvturk.com\/index.php\/wp-json\/wp\/v2\/posts\/171086\/revisions"}],"wp:attachment":[{"href":"http:\/\/www.tvturk.com\/index.php\/wp-json\/wp\/v2\/media?parent=171086"}],"wp:term":[{"taxonomy":"category","embeddable":true,"href":"http:\/\/www.tvturk.com\/index.php\/wp-json\/wp\/v2\/categories?post=171086"},{"taxonomy":"post_tag","embeddable":true,"href":"http:\/\/www.tvturk.com\/index.php\/wp-json\/wp\/v2\/tags?post=171086"}],"curies":[{"name":"wp","href":"https:\/\/api.w.org\/{rel}","templated":true}]}}