{"id":171130,"date":"2019-06-18T14:00:09","date_gmt":"2019-06-18T11:00:09","guid":{"rendered":"http:\/\/www.tvturk.com\/index.php\/ogrenciler-satranctaki-basarilariyla-goz-doldurdu\/"},"modified":"2019-06-18T14:00:09","modified_gmt":"2019-06-18T11:00:09","slug":"ogrenciler-satranctaki-basarilariyla-goz-doldurdu","status":"publish","type":"post","link":"http:\/\/www.tvturk.com\/index.php\/ogrenciler-satranctaki-basarilariyla-goz-doldurdu\/","title":{"rendered":"\u00d6\u011frenciler satran\u00e7taki ba\u015far\u0131lar\u0131yla g\u00f6z doldurdu"},"content":{"rendered":"<p>2019 Okul Sporlar\u0131 Satran\u00e7 T\u00fcrkiye Birincili\u011finde finale kalan 100 okul tak\u0131m\u0131 ve 511 sporcu aras\u0131nda, Y\u0131ld\u0131zlar K\u0131zlarda Do\u011fa Koleji Isparta Kamp\u00fcs\u00fc ortaokul \u00f6\u011frencileri performanslar\u0131yla g\u00f6z doldurdu.<\/p>\n<p>Okul Sporlar\u0131 Satran\u00e7 T\u00fcrkiye Birincili\u011fi, 13 Haziran 2019 tarihinde Karaman Belediyesi L\u00fctfi Elvan Kongre Merkezinde yo\u011fun bir m\u00fccadeleye sahne oldu. Y\u0131ld\u0131zlar K\u0131zlar kategorisinde Do\u011fa Koleji Isparta Kamp\u00fcs\u00fc ortaokul \u00f6\u011frencileri, T\u00fcrkiye 2.\u2019si oldu.<\/p>\n<p>\u015eampiyonada Isparta Do\u011fa Kolejini temsil eden ortaokul \u00f6\u011frencileri Naz Balyemez, Nehir Yal\u00e7\u0131n, Sudenaz Yal\u00e7\u0131n, Nazire Ya\u011fmur \u00d6nel, Nehir K\u00f6ro\u011flu, Zeynep Karabulut, \u00fcst\u00fcn bir performans g\u00f6sterirken, Antren\u00f6r \u00d6\u011fretmen Ender Yal\u00e7\u0131n ise, \u00f6\u011frencilerin heyecan\u0131n\u0131 payla\u015ft\u0131.<\/p>\n<p>Do\u011fa Koleji Satran\u00e7 B\u00f6l\u00fcm Ba\u015fkan\u0131 Beyhan Somal\u0131, \u201cT\u00fcrkiye \u00e7ap\u0131nda ve uluslararas\u0131 platformlarda satran\u00e7 turnuvalar\u0131na kat\u0131lan \u00f6\u011frencilerimiz, ald\u0131klar\u0131 e\u011fitimi sahada ma\u00e7lar\u0131na ba\u015far\u0131l\u0131 bir \u015fekilde uygulad\u0131klar\u0131nda; okulda \u00f6\u011frendikleri bilgiler peki\u015firken, \u00f6z g\u00fcvenleri de geli\u015fmi\u015f oluyor. \u00d6\u011frencilerimizin yeteneklerini ke\u015ffetmesi ve sahip olduklar\u0131 becerileri uygulamaya d\u00f6n\u00fc\u015ft\u00fcrebilmeleri i\u00e7in grup ma\u00e7lar\u0131na ve bireysel olarak turnuvalara kat\u0131lmalar\u0131 \u00f6nem ta\u015f\u0131yor\u201d dedi.<\/p>\n<p>100 Okuldan 511 sporcu yar\u0131\u015ft\u0131<\/p>\n<p>T\u00fcrkiye finaline kalan 100 okul tak\u0131m\u0131 ve 511 sporcu okullar\u0131n\u0131 zirveye ta\u015f\u0131mak i\u00e7in hamleler yapt\u0131. 6 tur s\u00fcren turnuvan\u0131n ard\u0131ndan kazanan yar\u0131\u015fmac\u0131lar \u00f6d\u00fcl ald\u0131. Kapan\u0131\u015f konu\u015fmalar\u0131n\u0131n ard\u0131ndan yap\u0131lan \u00f6d\u00fcl t\u00f6reninde 4 kategoride ilk d\u00f6rt dereceyi elde eden tak\u0131mlara kupa ve madalyalar\u0131n yan\u0131 s\u0131ra \u00e7e\u015fitli teknolojik \u00f6d\u00fcller de verildi. Derece elde eden t\u00fcm tak\u0131mlar\u0131n okullar\u0131na masa\u00fcst\u00fc bilgisayar, birinci olan tak\u0131mlar\u0131n sporcular\u0131na diz\u00fcst\u00fc bilgisayar, ikinci ve \u00fc\u00e7\u00fcnc\u00fc olan tak\u0131mlar\u0131n sporcular\u0131na ipad, d\u00f6rd\u00fcnc\u00fc olan tak\u0131mlar\u0131n sporcular\u0131na ise tablet hediye edildi.<\/p>\n<p>Do\u011fa Koleji Satran\u00e7 B\u00f6l\u00fcm Ba\u015fkan\u0131 Beyhan Somal\u0131, \u201c\u00d6\u011frencilerimizi; hem akademik, hem de sosyal alanda kendilerini geli\u015ftirmeleri i\u00e7in satran\u00e7 sporuna y\u00f6nlendiriyoruz. T\u00fcm gayretimizi; \u00e7evresine kar\u015f\u0131 duyarl\u0131, sorgulayan, d\u00fc\u015f\u00fcnen bireyler yeti\u015ftirmek i\u00e7in g\u00f6steriyoruz. Okul Sporlar\u0131 Satran\u00e7 T\u00fcrkiye Birincili\u011finde tak\u0131m ruhuyla final heyecan\u0131 ya\u015fayan \u00f6\u011frencilerimiz, Karaman Belediyesi taraf\u0131ndan d\u00fczenlenen gezi ile k\u00fclt\u00fcrel hazineleri de g\u00f6rme \u015fans\u0131 elde ettiler\u201d ifadelerini kulland\u0131.<\/p>\n","protected":false},"excerpt":{"rendered":"<p>2019 OKUL SPORLARI SATRAN\u00c7 T\u00dcRK\u0130YE B\u0130R\u0130NC\u0130L\u0130\u011e\u0130NDE F\u0130NALE KALAN 100 OKUL TAKIMI VE 511 SPORCU ARASINDA, YILDIZLAR KIZLARDA DO\u011eA KOLEJ\u0130 ISPARTA KAMP\u00dcS\u00dc ORTAOKUL \u00d6\u011eRENC\u0130LER\u0130 PERFORMANSLARIYLA G\u00d6Z DOLDURDU.<\/p>\n","protected":false},"author":1,"featured_media":0,"comment_status":"closed","ping_status":"open","sticky":false,"template":"","format":"standard","meta":{"jetpack_post_was_ever_published":false,"_jetpack_newsletter_access":"","_jetpack_dont_email_post_to_subs":false,"_jetpack_newsletter_tier_id":0,"_jetpack_memberships_contains_paywalled_content":false,"_jetpack_memberships_contains_paid_content":false,"footnotes":"","jetpack_publicize_message":"","jetpack_publicize_feature_enabled":true,"jetpack_social_post_already_shared":true,"jetpack_social_options":{"image_generator_settings":{"template":"highway","default_image_id":0,"font":"","enabled":false},"version":2}},"categories":[1],"tags":[8038,2602,1126,1293,41292],"class_list":["post-171130","post","type-post","status-publish","format-standard","hentry","category-genel","tag-basarilariyla","tag-doldurdu","tag-goz","tag-ogrenciler","tag-satranctaki"],"jetpack_publicize_connections":[],"jetpack_featured_media_url":"","jetpack_sharing_enabled":true,"jetpack_shortlink":"https:\/\/wp.me\/paKIfm-Iwa","_links":{"self":[{"href":"http:\/\/www.tvturk.com\/index.php\/wp-json\/wp\/v2\/posts\/171130","targetHints":{"allow":["GET"]}}],"collection":[{"href":"http:\/\/www.tvturk.com\/index.php\/wp-json\/wp\/v2\/posts"}],"about":[{"href":"http:\/\/www.tvturk.com\/index.php\/wp-json\/wp\/v2\/types\/post"}],"author":[{"embeddable":true,"href":"http:\/\/www.tvturk.com\/index.php\/wp-json\/wp\/v2\/users\/1"}],"replies":[{"embeddable":true,"href":"http:\/\/www.tvturk.com\/index.php\/wp-json\/wp\/v2\/comments?post=171130"}],"version-history":[{"count":0,"href":"http:\/\/www.tvturk.com\/index.php\/wp-json\/wp\/v2\/posts\/171130\/revisions"}],"wp:attachment":[{"href":"http:\/\/www.tvturk.com\/index.php\/wp-json\/wp\/v2\/media?parent=171130"}],"wp:term":[{"taxonomy":"category","embeddable":true,"href":"http:\/\/www.tvturk.com\/index.php\/wp-json\/wp\/v2\/categories?post=171130"},{"taxonomy":"post_tag","embeddable":true,"href":"http:\/\/www.tvturk.com\/index.php\/wp-json\/wp\/v2\/tags?post=171130"}],"curies":[{"name":"wp","href":"https:\/\/api.w.org\/{rel}","templated":true}]}}