{"id":171132,"date":"2019-06-18T14:00:49","date_gmt":"2019-06-18T11:00:49","guid":{"rendered":"http:\/\/www.tvturk.com\/index.php\/goztepe-yeni-sezonda-da-bornova-stadinda\/"},"modified":"2019-06-18T14:00:49","modified_gmt":"2019-06-18T11:00:49","slug":"goztepe-yeni-sezonda-da-bornova-stadinda","status":"publish","type":"post","link":"http:\/\/www.tvturk.com\/index.php\/goztepe-yeni-sezonda-da-bornova-stadinda\/","title":{"rendered":"G\u00f6ztepe yeni sezonda da Bornova Stad\u0131\u2019nda"},"content":{"rendered":"<p>G\u00f6ztepe Ba\u015fkan\u0131 Mehmet Sepil, yeni yap\u0131lan statlar\u0131 i\u00e7in m\u00fcteahhitlerin Aral\u0131k tarihini verse de kendilerini \u00f6n\u00fcm\u00fczdeki sezonun tamam\u0131nda Bornova\u2019da oynayacak \u015fekilde haz\u0131rlad\u0131klar\u0131n\u0131 s\u00f6yledi.<\/p>\n<p>Spor Toto S\u00fcper Lig\u2019in \u0130zmir temsilcisi G\u00f6ztepe\u2019nin ba\u015fkan\u0131 Mehmet Sepil, Bornova Belediye Ba\u015fkan\u0131 Mustafa \u0130du\u011f\u2019u ziyaret etti. G\u00f6ztepe Ba\u015fkan Vekili Talat Papatya ve CEO \u00d6zg\u00fcr G\u00fcndo\u011fan\u2019\u0131n da yer ald\u0131\u011f\u0131 ziyarette, stat ve alt yap\u0131 konusunda birlikte yap\u0131labilecek \u00e7al\u0131\u015fmalar konu\u015fuldu.<\/p>\n<p>S\u00fcper Lig\u2019de \u00fcst \u00fcste \u00fc\u00e7\u00fcnc\u00fc sezonlar\u0131n\u0131 ge\u00e7ireceklerini hat\u0131rlatan G\u00f6ztepe Ba\u015fkan\u0131 Mehmet Sepil, \u201cBunun en \u00f6nemli sebeplerinden biri Bornova Belediyesi ile stat konusunda yapt\u0131\u011f\u0131m\u0131z i\u015fbirli\u011fi. Play-off finalinde Eski\u015fehirspor\u2019u yenip S\u00fcper Lig\u2019e \u00e7\u0131kt\u0131\u011f\u0131m\u0131zda Bornova Belediyesi bize kucak a\u00e7t\u0131. Bornova Stad\u0131\u2019n\u0131 h\u0131zla b\u00fcy\u00fctt\u00fck. \u015eimdi Bornova\u2019da d\u00f6rd\u00fcnc\u00fc y\u0131l\u0131m\u0131z\u0131 da dolduraca\u011f\u0131z. G\u00f6ztepe\u2019ye \u00e7ok g\u00fczel bir stat yap\u0131yoruz ama m\u00fcteahhitler Aral\u0131k i\u00e7in tarih verse de biz 1 y\u0131l daha Bornova\u2019da oynayacak \u015fekilde kendimizi haz\u0131rl\u0131yoruz. Bornova Belediye Ba\u015fkan\u0131 Say\u0131n Mustafa \u0130du\u011f\u2019dan onu rica ettim. Biz kendi stad\u0131m\u0131za ge\u00e7tikten sonra Bornova Belediyesi &#8211; G\u00f6ztepe i\u015fbirli\u011fi futbolun yan\u0131nda sporun b\u00fct\u00fcn amat\u00f6r dallar\u0131nda devam edecek. Birlikte yine \u00e7al\u0131\u015faca\u011f\u0131z\u201d diye konu\u015ftu.<\/p>\n<p>\u201cHer zaman el ele olmal\u0131y\u0131z\u201d<\/p>\n<p>Ziyaretinden dolay\u0131 Mehmet Sepil\u2019e te\u015fekk\u00fcr eden Bornova Belediye Ba\u015fkan\u0131 Mustafa \u0130du\u011f ise \u201cKendisinin G\u00f6ztepe\u2019ye, \u0130zmir ve T\u00fcrk futboluna b\u00fcy\u00fck katk\u0131lar\u0131 oldu. Kendisi, son 5 y\u0131lda yapt\u0131klar\u0131 ile Alt\u0131nordu Ba\u015fkan\u0131 Seyit Mehmet \u00d6zkan ile birlikte heykeli dikilmesi gereken bir futbol adam\u0131\u201d dedi.<\/p>\n<p>Mehmet Sepil, ziyaretin ard\u0131ndan Ba\u015fkan \u0130du\u011f\u2019a G\u00f6ztepe\u2019nin 92. Y\u0131l Almana\u011f\u0131 ile isminin yaz\u0131l\u0131 oldu\u011fu forma hediye etti.<\/p>\n","protected":false},"excerpt":{"rendered":"<p>G\u00d6ZTEPE BA\u015eKANI MEHMET SEP\u0130L, YEN\u0130 YAPILAN STATLARI \u0130\u00c7\u0130N M\u00dcTEAHH\u0130TLER ARALIK TAR\u0130H\u0130N\u0130 VERSE DE KEND\u0130LER\u0130N\u0130 \u00d6N\u00dcM\u00dcZDEK\u0130 SEZONUN TAMAMINDA BORNOVA\u2019DA OYNAYACAK \u015eEK\u0130LDE HAZIRLADIKLARINI S\u00d6YLED\u0130.<\/p>\n","protected":false},"author":1,"featured_media":0,"comment_status":"closed","ping_status":"open","sticky":false,"template":"","format":"standard","meta":{"jetpack_post_was_ever_published":false,"_jetpack_newsletter_access":"","_jetpack_dont_email_post_to_subs":false,"_jetpack_newsletter_tier_id":0,"_jetpack_memberships_contains_paywalled_content":false,"_jetpack_memberships_contains_paid_content":false,"footnotes":"","jetpack_publicize_message":"","jetpack_publicize_feature_enabled":true,"jetpack_social_post_already_shared":true,"jetpack_social_options":{"image_generator_settings":{"template":"highway","default_image_id":0,"font":"","enabled":false},"version":2}},"categories":[657],"tags":[2555,2633,20541,12522,87],"class_list":["post-171132","post","type-post","status-publish","format-standard","hentry","category-spor","tag-bornova","tag-goztepe","tag-sezonda","tag-stadinda","tag-yeni"],"jetpack_publicize_connections":[],"jetpack_featured_media_url":"","jetpack_sharing_enabled":true,"jetpack_shortlink":"https:\/\/wp.me\/paKIfm-Iwc","_links":{"self":[{"href":"http:\/\/www.tvturk.com\/index.php\/wp-json\/wp\/v2\/posts\/171132","targetHints":{"allow":["GET"]}}],"collection":[{"href":"http:\/\/www.tvturk.com\/index.php\/wp-json\/wp\/v2\/posts"}],"about":[{"href":"http:\/\/www.tvturk.com\/index.php\/wp-json\/wp\/v2\/types\/post"}],"author":[{"embeddable":true,"href":"http:\/\/www.tvturk.com\/index.php\/wp-json\/wp\/v2\/users\/1"}],"replies":[{"embeddable":true,"href":"http:\/\/www.tvturk.com\/index.php\/wp-json\/wp\/v2\/comments?post=171132"}],"version-history":[{"count":0,"href":"http:\/\/www.tvturk.com\/index.php\/wp-json\/wp\/v2\/posts\/171132\/revisions"}],"wp:attachment":[{"href":"http:\/\/www.tvturk.com\/index.php\/wp-json\/wp\/v2\/media?parent=171132"}],"wp:term":[{"taxonomy":"category","embeddable":true,"href":"http:\/\/www.tvturk.com\/index.php\/wp-json\/wp\/v2\/categories?post=171132"},{"taxonomy":"post_tag","embeddable":true,"href":"http:\/\/www.tvturk.com\/index.php\/wp-json\/wp\/v2\/tags?post=171132"}],"curies":[{"name":"wp","href":"https:\/\/api.w.org\/{rel}","templated":true}]}}