{"id":171154,"date":"2019-06-18T14:12:58","date_gmt":"2019-06-18T11:12:58","guid":{"rendered":"http:\/\/www.tvturk.com\/index.php\/terasta-yoga\/"},"modified":"2019-06-18T14:12:58","modified_gmt":"2019-06-18T11:12:58","slug":"terasta-yoga","status":"publish","type":"post","link":"http:\/\/www.tvturk.com\/index.php\/terasta-yoga\/","title":{"rendered":"Terasta yoga"},"content":{"rendered":"<p>Uluslararas\u0131 D\u00fcnya Yoga G\u00fcn\u00fcnde yoga g\u00f6n\u00fcll\u00fcleri plaza teras\u0131nda bulu\u015facak.<\/p>\n<p>2014 y\u0131l\u0131nda UNESCO taraf\u0131ndan ilan edilen ve o g\u00fcnden bu yana her sene 21 Haziran tarihinde d\u00fcnyan\u0131n 179 \u00fclkesinde kutlanan Uluslararas\u0131 Yoga G\u00fcn\u00fc, bu y\u0131l da ge\u00e7en y\u0131l oldu\u011fu gibi Akmerkez \u00dc\u00e7gen Teras\u2019ta kutlanacak. Yogan\u0131n; Nidra\u2019dan Vinyasa\u2019ya, Hatha\u2019dan Mandala\u2019yave Wudang Tai-Chi\u2019ye kadar \u00e7e\u015fitli t\u00fcrleri uygulamal\u0131 olarak Akmerkez misafirleri ile konunun uzmanlar\u0131 e\u015fli\u011finde a\u00e7\u0131k havada ger\u00e7ekle\u015fecek.<\/p>\n<p>\u2018Yoga Festivali\u2019nde, ayn\u0131 zamanda yogan\u0131n felsefesi, ileri d\u00f6n\u00fc\u015f\u00fcm, do\u011fal ta\u015flar, cam \u00fcfleme at\u00f6lyesive permak\u00fclt\u00fcr e\u011fitimi gibi tras bah\u00e7esi etkinlikleri\u015fifa alan\u0131nda terapiler, birbirinden keyifli konularda s\u00f6yle\u015filer de olacak.<\/p>\n<p>Okay Temiz ve Ritm Grubu, Seda Ba\u011fcan ve DJ performanslar\u0131 sahnede olacak<\/p>\n<p>Okay Temiz,  Ritm Grubu ve Afrika dans\u00e7\u0131lar\u0131, \u00f6zel performanslar\u0131 ile y\u0131l\u0131n en uzun g\u00fcn\u00fcn\u00fc kat\u0131l\u0131mc\u0131lar i\u00e7in unutulmaz k\u0131lacak. Misafirlar, Seda Ba\u011fcan\u2019\u0131n Ekin Eti e\u015fli\u011finde ger\u00e7ekle\u015ftirece\u011fi konseride dinleme imkan\u0131 bulacak. Gece DJ performanslar\u0131 ile devam edecek.<\/p>\n<p>21 Haziran Cuma g\u00fcn\u00fc boyunca sabah saat 10.30 ila ak\u015fam 00.30\u2019a kadar dopdolu bir programla ger\u00e7ekle\u015fecek olan festivalde, Hindistan \u0130stanbul Konsolosu Sanjay Jain ile Yoga sistemini T\u00fcrkiye\u2019ye getiren ve bu alanda \u00fclkemizde \u00f6nc\u00fc olan Yoga Vakf\u0131 Kurucu Ba\u015fkan\u0131 Yogi Adnan \u00c7abuk da bir s\u00f6yle\u015fi ger\u00e7ekle\u015ftirecek. \u00c7abuk, \u201c179 \u00fclkede ayn\u0131 anda kutlanan Uluslararas\u0131 D\u00fcnya Yoga G\u00fcn\u00fc\u2019n\u00fc insanl\u0131\u011f\u0131n bir bayram\u0131 olarak g\u00f6r\u00fcyoruz. Yoga Vakf\u0131 olarak, insanl\u0131\u011fa hizmet d\u00fc\u015f\u00fcncesiyle yogay\u0131 tan\u0131tmak ve yayg\u0131nla\u015ft\u0131rmak i\u00e7in \u00e7al\u0131\u015f\u0131yoruz. Bu \u00f6zel g\u00fcnde herkesi Akmerkez\u2019e bekliyoruz\u201d s\u00f6zleriyle t\u00fcm yoga tutkunlar\u0131n\u0131 davet etti.<\/p>\n","protected":false},"excerpt":{"rendered":"<p>ULUSLARARASI D\u00dcNYA YOGA G\u00dcN\u00dcNDE YOGA G\u00d6N\u00dcLL\u00dcLER\u0130 PLAZA TERASINDA BULU\u015eACAK.<\/p>\n","protected":false},"author":1,"featured_media":0,"comment_status":"closed","ping_status":"open","sticky":false,"template":"","format":"standard","meta":{"jetpack_post_was_ever_published":false,"_jetpack_newsletter_access":"","_jetpack_dont_email_post_to_subs":false,"_jetpack_newsletter_tier_id":0,"_jetpack_memberships_contains_paywalled_content":false,"_jetpack_memberships_contains_paid_content":false,"footnotes":"","jetpack_publicize_message":"","jetpack_publicize_feature_enabled":true,"jetpack_social_post_already_shared":true,"jetpack_social_options":{"image_generator_settings":{"template":"highway","default_image_id":0,"font":"","enabled":false},"version":2}},"categories":[656],"tags":[33584,14387],"class_list":["post-171154","post","type-post","status-publish","format-standard","hentry","category-kultur-sanat","tag-terasta","tag-yoga"],"jetpack_publicize_connections":[],"jetpack_featured_media_url":"","jetpack_sharing_enabled":true,"jetpack_shortlink":"https:\/\/wp.me\/paKIfm-Iwy","_links":{"self":[{"href":"http:\/\/www.tvturk.com\/index.php\/wp-json\/wp\/v2\/posts\/171154","targetHints":{"allow":["GET"]}}],"collection":[{"href":"http:\/\/www.tvturk.com\/index.php\/wp-json\/wp\/v2\/posts"}],"about":[{"href":"http:\/\/www.tvturk.com\/index.php\/wp-json\/wp\/v2\/types\/post"}],"author":[{"embeddable":true,"href":"http:\/\/www.tvturk.com\/index.php\/wp-json\/wp\/v2\/users\/1"}],"replies":[{"embeddable":true,"href":"http:\/\/www.tvturk.com\/index.php\/wp-json\/wp\/v2\/comments?post=171154"}],"version-history":[{"count":0,"href":"http:\/\/www.tvturk.com\/index.php\/wp-json\/wp\/v2\/posts\/171154\/revisions"}],"wp:attachment":[{"href":"http:\/\/www.tvturk.com\/index.php\/wp-json\/wp\/v2\/media?parent=171154"}],"wp:term":[{"taxonomy":"category","embeddable":true,"href":"http:\/\/www.tvturk.com\/index.php\/wp-json\/wp\/v2\/categories?post=171154"},{"taxonomy":"post_tag","embeddable":true,"href":"http:\/\/www.tvturk.com\/index.php\/wp-json\/wp\/v2\/tags?post=171154"}],"curies":[{"name":"wp","href":"https:\/\/api.w.org\/{rel}","templated":true}]}}