{"id":171212,"date":"2019-06-18T15:09:14","date_gmt":"2019-06-18T12:09:14","guid":{"rendered":"http:\/\/www.tvturk.com\/index.php\/denizlide-sebze-ve-meyve-fiyatlari-dususe-gecti\/"},"modified":"2019-06-18T15:09:14","modified_gmt":"2019-06-18T12:09:14","slug":"denizlide-sebze-ve-meyve-fiyatlari-dususe-gecti","status":"publish","type":"post","link":"http:\/\/www.tvturk.com\/index.php\/denizlide-sebze-ve-meyve-fiyatlari-dususe-gecti\/","title":{"rendered":"Denizli\u2019de sebze ve meyve fiyatlar\u0131 d\u00fc\u015f\u00fc\u015fe ge\u00e7ti"},"content":{"rendered":"<p>Denizli\u2019de yaz mevsiminin gelmesiyle semt pazarlar\u0131nda sebze, meyve fiyatlar\u0131 d\u00fc\u015ft\u00fc. Azalan fiyatlar vatanda\u015flar\u0131n baz\u0131lar\u0131n\u0131 memnun ederken baz\u0131lar\u0131 ise mevsimine g\u00f6re yine de fiyatlar\u0131n y\u00fcksek oldu\u011fundan dert yak\u0131nd\u0131.<\/p>\n<p>Pamukkale il\u00e7esinde kurulan semt pazar\u0131nda sebze ve meyve fiyatlar\u0131 \u00f6zellikle bayram \u00f6ncesine g\u00f6re azald\u0131. Yaz mevsimin gelmesi ile bir\u00e7ok mevsimlik sebze ve meyvede tezgahlardaki yerini ald\u0131. Havan\u0131n \u0131s\u0131n\u0131p yeni hasad\u0131n gelmesiyle fiyatlar\u0131n d\u00fc\u015ft\u00fc\u011f\u00fcn\u00fc s\u00f6yleyen esnaflar, sat\u0131\u015flardan memnun olduklar\u0131n\u0131 dile getirdi.<\/p>\n<p>Pazar esnaf\u0131 domatesin \u00fcretim merkezi olan Antalya\u2019da sezon a\u00e7\u0131l\u0131\u015f\u0131nda 7-8 TL\u2019ye kadar y\u00fckselen fiyatlar\u0131n bu hafta h\u0131zl\u0131 bir d\u00fc\u015f\u00fc\u015f g\u00f6stererek 1 TL 50 kuru\u015flara kadar indi\u011fini belirtti. Bunun yan\u0131nda organik tarla domatesinin fiyat\u0131n\u0131n ise 4 TL\u2019den al\u0131c\u0131 buldu\u011fu \u00f6\u011frenildi.<\/p>\n<p>D\u00fc\u015fen fiyatlar yinede y\u00fcz g\u00fcld\u00fcrmedi<\/p>\n<p>Bunun yan\u0131 s\u0131ra biber fiyatlar\u0131 ge\u00e7ti\u011fimiz hafta 1 TL 50 kuru\u015fken bu hafta y\u00fckselerek 2-2 lira 50 kuru\u015f civar\u0131nda seyretti. Fiyatlar\u0131n talebe g\u00f6re de\u011fi\u015fti\u011fini de vurgulayan pazar esnaf\u0131 patl\u0131can\u0131n 4 TL oldu\u011funu, sat\u0131\u015f\u0131n miktar\u0131na g\u00f6re fiyat\u0131n\u0131n d\u00fc\u015febilece\u011fini aktard\u0131lar. Esnaf\u0131n d\u00fc\u015f\u00fck ve uygun buldu\u011fu fiyatlardan vatanda\u015flar\u0131n kimisi memnun olurken kimisi ise fiyatlar\u0131n hala y\u00fcksek oldu\u011fundan dert yak\u0131nd\u0131lar.<\/p>\n<p>\u00d6te yandan, pazarda patatesin kilogram fiyat\u0131n\u0131n 1 lira 75 kuru\u015f, so\u011fan\u0131n 1 TL 50 kuru\u015f, salatal\u0131k 2 lira 50 kuru\u015f, patl\u0131can 4 TL, karpuzun 1 TL, \u00e7ile\u011fin 5 TL, kiraz\u0131n 5 TL, kay\u0131s\u0131 3 TL ve \u015feftalinin ise 4 TL\u2019den sat\u0131ld\u0131\u011f\u0131 belirtildi.<\/p>\n","protected":false},"excerpt":{"rendered":"<p>DEN\u0130ZL\u0130\u2019DE YAZ MEVS\u0130M\u0130N\u0130N GELMES\u0130YLE SEMT PAZARLARINDA SEBZE, MEYVE F\u0130YATLARI D\u00dc\u015e\u00dc\u015eE GE\u00c7T\u0130. EKS\u0130 Y\u00d6NDE AZALAN F\u0130YATLAR VATANDA\u015eLARIN BAZILARINI MEMNUN EDERKEN BAZILARI \u0130SE MEVS\u0130M\u0130NE G\u00d6RE Y\u0130NE DE F\u0130YATLARIN Y\u00dcKSEK OLDU\u011eUNDAN DERT YAKINDI.<\/p>\n","protected":false},"author":1,"featured_media":0,"comment_status":"closed","ping_status":"open","sticky":false,"template":"","format":"standard","meta":{"jetpack_post_was_ever_published":false,"_jetpack_newsletter_access":"","_jetpack_dont_email_post_to_subs":false,"_jetpack_newsletter_tier_id":0,"_jetpack_memberships_contains_paywalled_content":false,"_jetpack_memberships_contains_paid_content":false,"footnotes":"","jetpack_publicize_message":"","jetpack_publicize_feature_enabled":true,"jetpack_social_post_already_shared":true,"jetpack_social_options":{"image_generator_settings":{"template":"highway","default_image_id":0,"font":"","enabled":false},"version":2}},"categories":[19],"tags":[188,34873,259,1512,3753,2974],"class_list":["post-171212","post","type-post","status-publish","format-standard","hentry","category-ekonomi","tag-denizlide","tag-dususe","tag-fiyatlari","tag-gecti","tag-meyve","tag-sebze"],"jetpack_publicize_connections":[],"jetpack_featured_media_url":"","jetpack_sharing_enabled":true,"jetpack_shortlink":"https:\/\/wp.me\/paKIfm-Ixu","_links":{"self":[{"href":"http:\/\/www.tvturk.com\/index.php\/wp-json\/wp\/v2\/posts\/171212","targetHints":{"allow":["GET"]}}],"collection":[{"href":"http:\/\/www.tvturk.com\/index.php\/wp-json\/wp\/v2\/posts"}],"about":[{"href":"http:\/\/www.tvturk.com\/index.php\/wp-json\/wp\/v2\/types\/post"}],"author":[{"embeddable":true,"href":"http:\/\/www.tvturk.com\/index.php\/wp-json\/wp\/v2\/users\/1"}],"replies":[{"embeddable":true,"href":"http:\/\/www.tvturk.com\/index.php\/wp-json\/wp\/v2\/comments?post=171212"}],"version-history":[{"count":0,"href":"http:\/\/www.tvturk.com\/index.php\/wp-json\/wp\/v2\/posts\/171212\/revisions"}],"wp:attachment":[{"href":"http:\/\/www.tvturk.com\/index.php\/wp-json\/wp\/v2\/media?parent=171212"}],"wp:term":[{"taxonomy":"category","embeddable":true,"href":"http:\/\/www.tvturk.com\/index.php\/wp-json\/wp\/v2\/categories?post=171212"},{"taxonomy":"post_tag","embeddable":true,"href":"http:\/\/www.tvturk.com\/index.php\/wp-json\/wp\/v2\/tags?post=171212"}],"curies":[{"name":"wp","href":"https:\/\/api.w.org\/{rel}","templated":true}]}}