{"id":171222,"date":"2019-06-18T15:21:37","date_gmt":"2019-06-18T12:21:37","guid":{"rendered":"http:\/\/www.tvturk.com\/index.php\/minikler-tohumlu-cicek-kalemler-ile-cevre-bilincine-dikkat-cekti\/"},"modified":"2019-06-18T15:21:37","modified_gmt":"2019-06-18T12:21:37","slug":"minikler-tohumlu-cicek-kalemler-ile-cevre-bilincine-dikkat-cekti","status":"publish","type":"post","link":"http:\/\/www.tvturk.com\/index.php\/minikler-tohumlu-cicek-kalemler-ile-cevre-bilincine-dikkat-cekti\/","title":{"rendered":"Minikler \u201cTohumlu \u00c7i\u00e7ek Kalemler\u201d ile \u00e7evre bilincine dikkat \u00e7ekti"},"content":{"rendered":"<p>\u2018Merkezefendi Geleneksel T\u0131p Festivali\u2019nde \u201dTohumlu \u00c7i\u00e7ek Kalemler\u201d at\u00f6lyesinde minik eller, kalemlere yerle\u015ftirdikleri tohumlar\u0131 do\u011fa ile bulu\u015fturdu. At\u00f6lye\u2019de 60 minik \u00e7evre bilinci e\u011fitim ald\u0131.<\/p>\n<p>Zeytinburnu Belediyesinin d\u00fczenledi\u011fi 20\u2019nci Geleneksel Merkezefendi T\u0131p Festivali devam ediyor. 8 g\u00fcn s\u00fcren festival kapsam\u0131nda \u00e7e\u015fitli at\u00f6lyelerde \u00e7ocuklar ve  aileleri  hem e\u011flenip hem \u00f6\u011freniyor. &#8220;Tohumlu \u00c7i\u00e7ek Kalemler\u201d at\u00f6lyesi ile minik eller kalemlere yerle\u015ftirdikleri tohumlar\u0131 do\u011fa ile bulu\u015fturdu. G\u00fcnde 3 seans \u015feklinde olan \u201cTohumlu \u00c7i\u00e7ek Kalemler\u201d at\u00f6lyesi ile 60 minik \u00e7evre bilinci  e\u011fitim ald\u0131.<\/p>\n<p>E\u011fitmen e\u015fli\u011finde minikler birbirinden renkli malzemeleri s\u00fcsleyerek tohumlu kalem yapt\u0131lar. Minikler birbirleriyle yard\u0131mla\u015f\u0131rken e\u011fitmenleri de \u00e7ocuklar\u0131n zorland\u0131\u011f\u0131 yerlerde onlara destek oldu. \u00c7evre bilinci e\u011fitimi ile birlikte \u00e7ocuklar, hem e\u011flendi hem \u00e7evre konusunda bilin\u00e7 kazand\u0131. Do\u011fa ve \u00e7evre bilinci a\u015f\u0131lamaya \u00e7al\u0131\u015f\u0131lan festival boyunca ortalama 500 \u00e7ocuk e\u011fitim ald\u0131. Festival 22 Haziran\u2019da bitecek.<\/p>\n<p>\u201cG\u00fcnde 3 seansla yakla\u015f\u0131k 60 ile 80 \u00e7ocu\u011fa e\u011fitim vermeye \u00e7al\u0131\u015f\u0131yoruz\u201d<\/p>\n<p>At\u00f6lyelerde \u00e7e\u015fitli konularda e\u011fitimler verildi\u011fini aktaran Zeytinburnu T\u0131bbi Bitkiler Bah\u00e7esi\u2019nde \u00e7al\u0131\u015fan Uzman biyolog Tu\u011f\u00e7e A\u011fba Sevencan, \u201cBah\u00e7emizde 20\u2019nci Merkezefendi T\u0131p Festivali yap\u0131lmaktad\u0131r. Festival kapsam\u0131nda 8 g\u00fcn boyunca bah\u00e7emizde e\u011fitimler d\u00fczenleniyor. \u00c7ocuk at\u00f6lyeleri, yeti\u015fkin at\u00f6lyeleri ve yeti\u015fkin seminerleri \u015feklinde g\u00fcnde 3 program yap\u0131lmaktad\u0131r. \u00c7ocuk at\u00f6lyelerimiz do\u011fa, \u00e7evre,t\u0131p gibi konularda \u00f6zel konseptler \u015feklinde haz\u0131rlan\u0131yor. G\u00fcnde 3 seans \u015feklinde yakla\u015f\u0131k 60 ile 80 \u00e7ocu\u011fa e\u011fitim vermeye \u00e7al\u0131\u015f\u0131yoruz. Festival kapsam\u0131nda bir \u00e7ok konuya e\u011filmeye \u00e7al\u0131\u015f\u0131yoruz. \u00d6rne\u011fin bug\u00fcn tohumlu \u00e7i\u00e7ek kalemler e\u011fitimimiz var\u201d ifadelerini kullad\u0131.<\/p>\n<p>&#8220;Amac\u0131m\u0131z bitkileri do\u011fay\u0131 \u00e7ocuklara a\u015f\u0131lamak\u201d<\/p>\n<p>\u00c7ocuklar\u0131n tohumlar ve do\u011fayla bulu\u015fmas\u0131n\u0131n \u00f6nemine de\u011finen Sevencan, &#8220;\u00c7ocuklar kalemlerle birlikte tohumlar yap\u0131yorlar. Ve kalemleri bitti\u011finde kalem ucundaki tohumlar\u0131 bug\u00fcn ki\u015fni\u015f ve keten tohumlar\u0131 ekecekler. Bu tohumlar\u0131 toprak ile bulu\u015fturmalar\u0131n\u0131 a\u015f\u0131lamaya \u00e7al\u0131\u015f\u0131yoruz. Bu \u00f6nemli bir konu bizim i\u00e7in \u00e7\u00fcnk\u00fc bah\u00e7emizde tohum bankas\u0131 olu\u015fturmak istiyoruz. Amac\u0131m\u0131z bitkileri do\u011fay\u0131 \u00e7ocuklara a\u015f\u0131lamak. Bunun i\u00e7inde bu e\u011fitimler ile hem aileleri hem de \u00e7ocuklar\u0131 bilin\u00e7lendirmeye \u00e7al\u0131\u015f\u0131yoruz\u201d diye konu\u015ftu.<\/p>\n<p>Etkinlikte e\u011flendi\u011fini ifade eden 6 ya\u015f\u0131ndaki Tunahan \u00c7ak\u0131r, &#8220;Tohumlu kalem yap\u0131yoruz. Tohumlar\u0131 bu k\u00fc\u00e7\u00fck b\u00f6lmeye tak\u0131yoruz. Kaleme tak\u0131p s\u00fcsl\u00fcyoruz. Ondan sonra evde \u00e7\u0131kar\u0131p dikip suluyoruz. Onlar b\u00fcy\u00fcy\u00fcp meyve veriyor\u201d \u015feklinde konu\u015ftu.<\/p>\n<p>\u201cHayvanlar\u0131 seviyorlarsa do\u011fay\u0131 da sevsinler\u201d<\/p>\n<p>Yapt\u0131klar\u0131 kalemler bitti\u011finde ucundaki tohumlar\u0131 bah\u00e7elerine ekeceklerini belirten Nil Deniz\u201cTohumlu kalem yapt\u0131k. Tohumlu kalem k\u00fc\u00e7\u00fck bir haznesi olan haznesinin i\u00e7inde tohumlar olan bir kalemdir. Ekti\u011fimiz tohum ne t\u00fcr ise o \u00e7i\u00e7e\u011fe sahip oluruz. Bizim bah\u00e7eli evimiz var. 5-6 tane zamba\u011f\u0131m\u0131z var. Sar\u0131 \u00e7i\u00e7ek a\u00e7an bitki ektik. Yapt\u0131\u011f\u0131m\u0131z kalemlerdeki tohumlar\u0131 bah\u00e7emize ekece\u011fiz\u201d ifadelerini kulland\u0131.<\/p>\n<p>\u201cDo\u011fay\u0131 kirletmesinler\u201d<\/p>\n<p>Daha g\u00fczel bir do\u011fan\u0131n olu\u015fmas\u0131 i\u00e7in tohum ekti\u011fini s\u00f6yleyen Sultan Aydo\u011fdu, &#8220;Tohumlu kalem yap\u0131yoruz. Bunlar\u0131 ekece\u011fiz. Sonra bunlar \u00e7i\u00e7ek olacak. \u00c7i\u00e7ek olduktan sonra biz onlar\u0131 sulayaca\u011f\u0131z. Sonra meyveler olu\u015ftuktan sonra yiyece\u011fiz. Do\u011fada g\u00fczellik olu\u015fsun diye yap\u0131yoruz. Yerlere \u00e7\u00f6p at\u0131yorlar do\u011fay\u0131 pis b\u0131rak\u0131yorlar. Do\u011fay\u0131 kirletmesinler\u201d dedi.<\/p>\n","protected":false},"excerpt":{"rendered":"<p>\u2018MERKEZEFEND\u0130 GELENEKSEL TIP FEST\u0130VAL\u0130&#8217;NDE \u201dTOHUMLU \u00c7\u0130\u00c7EK KALEMLER\u201d AT\u00d6LYES\u0130NDE M\u0130N\u0130K ELLER, KALEMLERE YERLE\u015eT\u0130RD\u0130KLER\u0130 TOHUMLARI DO\u011eA \u0130LE BULU\u015eTURDU. AT\u00d6LYE&#8217;DE 60 M\u0130N\u0130K \u00c7EVRE B\u0130L\u0130NC\u0130 E\u011e\u0130T\u0130M ALDI.<\/p>\n","protected":false},"author":1,"featured_media":0,"comment_status":"closed","ping_status":"open","sticky":false,"template":"","format":"standard","meta":{"jetpack_post_was_ever_published":false,"_jetpack_newsletter_access":"","_jetpack_dont_email_post_to_subs":false,"_jetpack_newsletter_tier_id":0,"_jetpack_memberships_contains_paywalled_content":false,"_jetpack_memberships_contains_paid_content":false,"footnotes":"","jetpack_publicize_message":"","jetpack_publicize_feature_enabled":true,"jetpack_social_post_already_shared":true,"jetpack_social_options":{"image_generator_settings":{"template":"highway","default_image_id":0,"font":"","enabled":false},"version":2}},"categories":[1],"tags":[2636,41313,41314,593,1654,1440,192,24708,2786],"class_list":["post-171222","post","type-post","status-publish","format-standard","hentry","category-genel","tag-cevre","tag-tohumlu","tag-bilincine","tag-cekti","tag-cicek","tag-dikkat","tag-ile","tag-kalemler","tag-minikler"],"jetpack_publicize_connections":[],"jetpack_featured_media_url":"","jetpack_sharing_enabled":true,"jetpack_shortlink":"https:\/\/wp.me\/paKIfm-IxE","_links":{"self":[{"href":"http:\/\/www.tvturk.com\/index.php\/wp-json\/wp\/v2\/posts\/171222","targetHints":{"allow":["GET"]}}],"collection":[{"href":"http:\/\/www.tvturk.com\/index.php\/wp-json\/wp\/v2\/posts"}],"about":[{"href":"http:\/\/www.tvturk.com\/index.php\/wp-json\/wp\/v2\/types\/post"}],"author":[{"embeddable":true,"href":"http:\/\/www.tvturk.com\/index.php\/wp-json\/wp\/v2\/users\/1"}],"replies":[{"embeddable":true,"href":"http:\/\/www.tvturk.com\/index.php\/wp-json\/wp\/v2\/comments?post=171222"}],"version-history":[{"count":0,"href":"http:\/\/www.tvturk.com\/index.php\/wp-json\/wp\/v2\/posts\/171222\/revisions"}],"wp:attachment":[{"href":"http:\/\/www.tvturk.com\/index.php\/wp-json\/wp\/v2\/media?parent=171222"}],"wp:term":[{"taxonomy":"category","embeddable":true,"href":"http:\/\/www.tvturk.com\/index.php\/wp-json\/wp\/v2\/categories?post=171222"},{"taxonomy":"post_tag","embeddable":true,"href":"http:\/\/www.tvturk.com\/index.php\/wp-json\/wp\/v2\/tags?post=171222"}],"curies":[{"name":"wp","href":"https:\/\/api.w.org\/{rel}","templated":true}]}}