{"id":171272,"date":"2019-06-18T16:00:20","date_gmt":"2019-06-18T13:00:20","guid":{"rendered":"http:\/\/www.tvturk.com\/index.php\/ido-ilk-seferini-yapti\/"},"modified":"2019-06-18T16:00:20","modified_gmt":"2019-06-18T13:00:20","slug":"ido-ilk-seferini-yapti","status":"publish","type":"post","link":"http:\/\/www.tvturk.com\/index.php\/ido-ilk-seferini-yapti\/","title":{"rendered":"\u0130do ilk seferini yapt\u0131"},"content":{"rendered":"<p>\u0130stanbul Deniz Otob\u00fcsleri \u0130\u015fletmesi \u0130DO 2019 y\u0131l\u0131n\u0131n ilk Bulgaristan Burgaz,  T\u00fcrkiye K\u0131rklareli \u0130\u011fneada seferi 18 Haziran Sal\u0131 g\u00fcn\u00fc yapt\u0131.<\/p>\n<p>\u0130DO Genel M\u00fcd\u00fcr\u00fc Hasan \u00dcst\u00fcnda\u011f yapt\u0131\u011f\u0131 a\u00e7\u0131klamada ilk seferin iki \u00fclke konsoloslar\u0131n\u0131n \u00e7abalar\u0131 ile ger\u00e7ekle\u015fti\u011fini belirterek &#8220;\u0130ki \u00fclke aras\u0131nda bir dostluk seferi diyebiliriz. \u0130n\u015fallah ilerki d\u00f6nemlerde de iki \u00fclke aras\u0131nda turistlerin getirilip g\u00f6t\u00fcr\u00fclmesi a\u00e7\u0131s\u0131ndan ilk ad\u0131m olaca\u011f\u0131n\u0131 d\u00fc\u015f\u00fcn\u00fcyorum. Bu konuda bizim \u00e7abam\u0131z oldu, ancak gerekli yolcu potansiyeli ula\u015falamad\u0131\u011f\u0131 i\u00e7in ba\u015flayamad\u0131k. \u0130ki \u00fclke aras\u0131nda hem dostluk olsun hem de turizimimize bir fayda olsun diye ileride talep olursa yapmay\u0131 d\u00fc\u015f\u00fcn\u00fcyoruz&#8221; dedi.<\/p>\n<p>\u0130lk sefer 1 saat s\u00fcrd\u00fc<\/p>\n<p>\u0130lk seferin 1 saat s\u00fcrd\u00fc\u011f\u00fcn\u00fc dile getiren \u0130DO Genel M\u00fcd\u00fcr\u00fc Hakan \u00dcst\u00fcnda\u011f &#8220;\u0130DO\u2019nun ilk seferi 1 saat s\u00fcrd\u00fc, fakat hava \u015fartlar\u0131na g\u00f6re 3, 4 saatte s\u00fcrebilir. Seferlerimiz yap\u0131labilseydi Burgaz, \u0130\u011fneada ve \u0130stanbul olarak yap\u0131lacakt\u0131&#8221; \u015feklinde konu\u015ftu.<\/p>\n<p>\u0130lk kez dostluk seferi ger\u00e7ekle\u015ftirildi\u011fini s\u00f6yleyen Demirk\u00f6y Kaymakam\u0131 Cafer Ekinci Bulagaristanl\u0131 mifasirleri \u0130\u011fneada\u2019da a\u011f\u0131rlamaktan mutluluk duydu\u011funu ifade etti.<\/p>\n<p>Daha sonra \u0130\u011fneada\u2019da bir otelde \u0130\u011fneada\u2019y\u0131 tan\u0131ntan sunum yap\u0131ld\u0131. Sunumun ard\u0131ndan Bulgaristan Burgaz ilinden gelen misafirler \u0130\u011fneada Longoz Ormanlar\u0131 Milli Park\u0131\u2019\u0131 gezdirildi.<\/p>\n","protected":false},"excerpt":{"rendered":"<p>\u0130STANBUL DEN\u0130Z OTOB\u00dcSLER\u0130 \u0130\u015eLETMES\u0130 \u0130DO 2019 YILININ \u0130LK BULGAR\u0130STAN BURGAZ,  T\u00dcRK\u0130YE KIRKLAREL\u0130 \u0130\u011eNEADA SEFER\u0130 18 HAZ\u0130RAN SALI G\u00dcN\u00dc YAPTI.<\/p>\n","protected":false},"author":1,"featured_media":0,"comment_status":"closed","ping_status":"open","sticky":false,"template":"","format":"standard","meta":{"jetpack_post_was_ever_published":false,"_jetpack_newsletter_access":"","_jetpack_dont_email_post_to_subs":false,"_jetpack_newsletter_tier_id":0,"_jetpack_memberships_contains_paywalled_content":false,"_jetpack_memberships_contains_paid_content":false,"footnotes":"","jetpack_publicize_message":"","jetpack_publicize_feature_enabled":true,"jetpack_social_post_already_shared":true,"jetpack_social_options":{"image_generator_settings":{"template":"highway","default_image_id":0,"font":"","enabled":false},"version":2}},"categories":[1],"tags":[12095,37,18680,292],"class_list":["post-171272","post","type-post","status-publish","format-standard","hentry","category-genel","tag-ido","tag-ilk","tag-seferini","tag-yapti"],"jetpack_publicize_connections":[],"jetpack_featured_media_url":"","jetpack_sharing_enabled":true,"jetpack_shortlink":"https:\/\/wp.me\/paKIfm-Iys","_links":{"self":[{"href":"http:\/\/www.tvturk.com\/index.php\/wp-json\/wp\/v2\/posts\/171272","targetHints":{"allow":["GET"]}}],"collection":[{"href":"http:\/\/www.tvturk.com\/index.php\/wp-json\/wp\/v2\/posts"}],"about":[{"href":"http:\/\/www.tvturk.com\/index.php\/wp-json\/wp\/v2\/types\/post"}],"author":[{"embeddable":true,"href":"http:\/\/www.tvturk.com\/index.php\/wp-json\/wp\/v2\/users\/1"}],"replies":[{"embeddable":true,"href":"http:\/\/www.tvturk.com\/index.php\/wp-json\/wp\/v2\/comments?post=171272"}],"version-history":[{"count":0,"href":"http:\/\/www.tvturk.com\/index.php\/wp-json\/wp\/v2\/posts\/171272\/revisions"}],"wp:attachment":[{"href":"http:\/\/www.tvturk.com\/index.php\/wp-json\/wp\/v2\/media?parent=171272"}],"wp:term":[{"taxonomy":"category","embeddable":true,"href":"http:\/\/www.tvturk.com\/index.php\/wp-json\/wp\/v2\/categories?post=171272"},{"taxonomy":"post_tag","embeddable":true,"href":"http:\/\/www.tvturk.com\/index.php\/wp-json\/wp\/v2\/tags?post=171272"}],"curies":[{"name":"wp","href":"https:\/\/api.w.org\/{rel}","templated":true}]}}