{"id":171342,"date":"2019-06-18T17:45:21","date_gmt":"2019-06-18T14:45:21","guid":{"rendered":"http:\/\/www.tvturk.com\/index.php\/agrida-sel-sularina-kapilarak-hayatini-kaybeden-anne-ve-iki-cocugu-gozyaslari-arasinda-topraga-verildi\/"},"modified":"2019-06-18T17:45:21","modified_gmt":"2019-06-18T14:45:21","slug":"agrida-sel-sularina-kapilarak-hayatini-kaybeden-anne-ve-iki-cocugu-gozyaslari-arasinda-topraga-verildi","status":"publish","type":"post","link":"http:\/\/www.tvturk.com\/index.php\/agrida-sel-sularina-kapilarak-hayatini-kaybeden-anne-ve-iki-cocugu-gozyaslari-arasinda-topraga-verildi\/","title":{"rendered":"A\u011fr\u0131\u2019da sel sular\u0131na kap\u0131larak hayat\u0131n\u0131 kaybeden anne ve iki \u00e7ocu\u011fu g\u00f6zya\u015flar\u0131 aras\u0131nda topra\u011fa verildi"},"content":{"rendered":"<p>A\u011fr\u0131\u2019n\u0131n Diyadin il\u00e7esi G\u00f6l Mahallesi\u2019nde sel sular\u0131na kap\u0131larak hayat\u0131n\u0131 kaybeden anne ve iki \u00e7ocu\u011fu g\u00f6zya\u015flar\u0131 aras\u0131nda topra\u011fa verildi.<\/p>\n<p>D\u00fcn ot toplamak \u00fczere \u00e7\u0131kt\u0131klar\u0131 arazide dolu ya\u011f\u0131\u015f\u0131ndan korunmak i\u00e7in k\u00f6pr\u00fcn\u00fcn alt\u0131na s\u0131\u011f\u0131nan anne ve iki \u00e7ocu\u011fu sel sular\u0131na kap\u0131larak hayat\u0131n\u0131 kaybetti.<\/p>\n<p>Anne Naime Polat, \u00e7ocuklar\u0131 11 ya\u015f\u0131ndaki Musa ve 4 ya\u015f\u0131ndaki P\u0131nar\u2019\u0131n cenazeleri Erzurum Adli T\u0131p Kurumu\u2019nda yap\u0131lan otopsilerinin ard\u0131ndan Diyadin\u2019e getirildi.<\/p>\n<p>Anne ve \u00e7ocuklar\u0131n cenazesi \u00f6nce evinin \u00f6n\u00fcne sonra da defnedilmek \u00fczere \u015fehir mezarl\u0131\u011f\u0131na g\u00f6t\u00fcr\u00fcld\u00fc.<\/p>\n","protected":false},"excerpt":{"rendered":"<p>A\u011eRI\u2019NIN D\u0130YAD\u0130N \u0130L\u00c7ES\u0130 G\u00d6L MAHALLES\u0130&#8217;NDE SEL SULARINA KAPILARAK HAYATINI KAYBEDEN ANNE VE \u0130K\u0130 \u00c7OCU\u011eU G\u00d6ZYA\u015eLARI ARASINDA TOPRA\u011eA VER\u0130LD\u0130.<\/p>\n","protected":false},"author":1,"featured_media":0,"comment_status":"closed","ping_status":"open","sticky":false,"template":"","format":"standard","meta":{"jetpack_post_was_ever_published":false,"_jetpack_newsletter_access":"","_jetpack_dont_email_post_to_subs":false,"_jetpack_newsletter_tier_id":0,"_jetpack_memberships_contains_paywalled_content":false,"_jetpack_memberships_contains_paid_content":false,"footnotes":"","jetpack_publicize_message":"","jetpack_publicize_feature_enabled":true,"jetpack_social_post_already_shared":true,"jetpack_social_options":{"image_generator_settings":{"template":"highway","default_image_id":0,"font":"","enabled":false},"version":2}},"categories":[1],"tags":[695,7731,5582,1882,3647,5268,848,1220,21642,1211,25460,9494,634],"class_list":["post-171342","post","type-post","status-publish","format-standard","hentry","category-genel","tag-sel","tag-agrida","tag-anne","tag-arasinda","tag-cocugu","tag-gozyaslari","tag-hayatini","tag-iki","tag-kapilarak","tag-kaybeden","tag-sularina","tag-topraga","tag-verildi"],"jetpack_publicize_connections":[],"jetpack_featured_media_url":"","jetpack_sharing_enabled":true,"jetpack_shortlink":"https:\/\/wp.me\/paKIfm-IzA","_links":{"self":[{"href":"http:\/\/www.tvturk.com\/index.php\/wp-json\/wp\/v2\/posts\/171342","targetHints":{"allow":["GET"]}}],"collection":[{"href":"http:\/\/www.tvturk.com\/index.php\/wp-json\/wp\/v2\/posts"}],"about":[{"href":"http:\/\/www.tvturk.com\/index.php\/wp-json\/wp\/v2\/types\/post"}],"author":[{"embeddable":true,"href":"http:\/\/www.tvturk.com\/index.php\/wp-json\/wp\/v2\/users\/1"}],"replies":[{"embeddable":true,"href":"http:\/\/www.tvturk.com\/index.php\/wp-json\/wp\/v2\/comments?post=171342"}],"version-history":[{"count":0,"href":"http:\/\/www.tvturk.com\/index.php\/wp-json\/wp\/v2\/posts\/171342\/revisions"}],"wp:attachment":[{"href":"http:\/\/www.tvturk.com\/index.php\/wp-json\/wp\/v2\/media?parent=171342"}],"wp:term":[{"taxonomy":"category","embeddable":true,"href":"http:\/\/www.tvturk.com\/index.php\/wp-json\/wp\/v2\/categories?post=171342"},{"taxonomy":"post_tag","embeddable":true,"href":"http:\/\/www.tvturk.com\/index.php\/wp-json\/wp\/v2\/tags?post=171342"}],"curies":[{"name":"wp","href":"https:\/\/api.w.org\/{rel}","templated":true}]}}