{"id":171358,"date":"2019-06-18T18:01:58","date_gmt":"2019-06-18T15:01:58","guid":{"rendered":"http:\/\/www.tvturk.com\/index.php\/gemlik-adliyesinde-tayini-cikan-hakim-ve-savcilara-veda\/"},"modified":"2019-06-18T18:01:58","modified_gmt":"2019-06-18T15:01:58","slug":"gemlik-adliyesinde-tayini-cikan-hakim-ve-savcilara-veda","status":"publish","type":"post","link":"http:\/\/www.tvturk.com\/index.php\/gemlik-adliyesinde-tayini-cikan-hakim-ve-savcilara-veda\/","title":{"rendered":"Gemlik Adliyesinde tayini \u00e7\u0131kan hakim ve savc\u0131lara veda"},"content":{"rendered":"<p>Gemlik Adliyesi\u2019nde tayini \u00e7\u0131kan hakim ve savc\u0131lar veda etti<\/p>\n<p>Gemlik Adliyesince 2019 yaz kararnamesi ile Gazi Antep\u2019e tayini \u00e7\u0131kan h\u00e2kim \u0130brahim Avc\u0131 ve Hakim Melek Avc\u0131 ile Batman\u2019a tayini \u00e7\u0131kan Cumhuriyet Savc\u0131s\u0131 Elif Sultan Deniz i\u00e7in veda yeme\u011fi d\u00fczenlendi. Veda yeme\u011fine Cumhuriyet Ba\u015fsavc\u0131s\u0131 Ali \u00dclger, h\u00e2kim ve savc\u0131lar, avukatlar, Adliye Yaz\u0131 i\u015fleri M\u00fcd\u00fcrleri ve \u00e7al\u0131\u015fanlar\u0131 kat\u0131ld\u0131.<\/p>\n<p>Veda yeme\u011finde konu\u015fan Cumhuriyet Ba\u015fsavc\u0131s\u0131 Ali \u00dclger \u201cGecelerini ve g\u00fcnd\u00fczlerini birbirine katarak \u00e7al\u0131\u015ft\u0131klar\u0131na \u015fahit oldu\u011fum tayini \u00e7\u0131kan h\u00e2kim ve savc\u0131 arkada\u015flar\u0131ma bu emeklerinden dolay\u0131 Gemlik halk\u0131 ad\u0131na \u00e7ok te\u015fekk\u00fcr ediyoruz. \u0130n\u015fallah gittikleri yerlerde \u00e7ok g\u00fczel ve huzurlu bir hayat ge\u00e7irirler.  Yarg\u0131ya olan g\u00fcveni sa\u011flamak i\u00e7in ellerinden geleni oralarda da en \u00fcst seviyeye \u00e7\u0131karmak i\u00e7in gece ve g\u00fcnd\u00fcz g\u00f6zetmeksizin \u00e7al\u0131\u015f\u0131lacaklar\u0131n\u0131 biliyorum. Gemlik Adliyesi olarak bizim hakk\u0131m\u0131z helal olsun. Kendilerinin de haklar\u0131n\u0131 helal etmesini istiyoruz. Yeni \u00e7al\u0131\u015fma yerlerinde kendilerine ba\u015far\u0131lar diliyorum\u201d dedi.<\/p>\n<p>Tayin olan h\u00e2kim ve savc\u0131lar da Ba\u015fsavc\u0131ya te\u015fekk\u00fcr ederek, &#8220;Adliyemize yeni atanan h\u00e2kim ve savc\u0131lar\u0131m\u0131za &#8220;ho\u015f geldin&#8221; diyor, bu bayra\u011f\u0131 onlara devrediyoruz. Gemlik bizim ilk g\u00f6rev yerlerimiz olmas\u0131 dolay\u0131s\u0131yla hi\u00e7bir \u015fekilde unutmayaca\u011f\u0131z. T\u00fcm Gemlik halk\u0131na da bize g\u00f6sterdikleri ev sahipli\u011fi i\u00e7in ayr\u0131ca te\u015fekk\u00fcr ediyoruz&#8221; dediler<\/p>\n","protected":false},"excerpt":{"rendered":"<p>GEML\u0130K ADL\u0130YES\u0130NDE TAY\u0130N\u0130 \u00c7IKAN HAK\u0130M VE SAVCILARA VEDA<\/p>\n","protected":false},"author":1,"featured_media":0,"comment_status":"closed","ping_status":"open","sticky":false,"template":"","format":"standard","meta":{"jetpack_post_was_ever_published":false,"_jetpack_newsletter_access":"","_jetpack_dont_email_post_to_subs":false,"_jetpack_newsletter_tier_id":0,"_jetpack_memberships_contains_paywalled_content":false,"_jetpack_memberships_contains_paid_content":false,"footnotes":"","jetpack_publicize_message":"","jetpack_publicize_feature_enabled":true,"jetpack_social_post_already_shared":true,"jetpack_social_options":{"image_generator_settings":{"template":"highway","default_image_id":0,"font":"","enabled":false},"version":2}},"categories":[1],"tags":[2234,2114,15890,2544,41353,41352,4421],"class_list":["post-171358","post","type-post","status-publish","format-standard","hentry","category-genel","tag-adliyesinde","tag-cikan","tag-gemlik","tag-hakim","tag-savcilara","tag-tayini","tag-veda"],"jetpack_publicize_connections":[],"jetpack_featured_media_url":"","jetpack_sharing_enabled":true,"jetpack_shortlink":"https:\/\/wp.me\/paKIfm-IzQ","_links":{"self":[{"href":"http:\/\/www.tvturk.com\/index.php\/wp-json\/wp\/v2\/posts\/171358","targetHints":{"allow":["GET"]}}],"collection":[{"href":"http:\/\/www.tvturk.com\/index.php\/wp-json\/wp\/v2\/posts"}],"about":[{"href":"http:\/\/www.tvturk.com\/index.php\/wp-json\/wp\/v2\/types\/post"}],"author":[{"embeddable":true,"href":"http:\/\/www.tvturk.com\/index.php\/wp-json\/wp\/v2\/users\/1"}],"replies":[{"embeddable":true,"href":"http:\/\/www.tvturk.com\/index.php\/wp-json\/wp\/v2\/comments?post=171358"}],"version-history":[{"count":0,"href":"http:\/\/www.tvturk.com\/index.php\/wp-json\/wp\/v2\/posts\/171358\/revisions"}],"wp:attachment":[{"href":"http:\/\/www.tvturk.com\/index.php\/wp-json\/wp\/v2\/media?parent=171358"}],"wp:term":[{"taxonomy":"category","embeddable":true,"href":"http:\/\/www.tvturk.com\/index.php\/wp-json\/wp\/v2\/categories?post=171358"},{"taxonomy":"post_tag","embeddable":true,"href":"http:\/\/www.tvturk.com\/index.php\/wp-json\/wp\/v2\/tags?post=171358"}],"curies":[{"name":"wp","href":"https:\/\/api.w.org\/{rel}","templated":true}]}}