{"id":171393,"date":"2019-06-19T18:33:53","date_gmt":"2019-06-19T15:33:53","guid":{"rendered":"http:\/\/www.tvturk.com\/index.php\/keles-hemden-yil-sona-sergisi\/"},"modified":"2019-06-19T18:33:53","modified_gmt":"2019-06-19T15:33:53","slug":"keles-hemden-yil-sona-sergisi","status":"publish","type":"post","link":"http:\/\/www.tvturk.com\/index.php\/keles-hemden-yil-sona-sergisi\/","title":{"rendered":"Keles HEM\u2019den y\u0131l sona sergisi"},"content":{"rendered":"<p>Bursa\u2019n\u0131n Keles il\u00e7esinde HEM kursiyerleri y\u0131l boyunca yapt\u0131klar\u0131 eserleri sergiledi.<\/p>\n<p>Keles Halk E\u011fitim Merkezi taraf\u0131ndan 2018-2019 \u00f6\u011fretim y\u0131l\u0131 i\u00e7inde a\u00e7\u0131lan kurslar sona ererken, kurslarda \u00fcretilen eserler sergilendi. Kurs  \u00f6\u011fretmenlerinin deste\u011fi ile kursiyerler taraf\u0131ndan yap\u0131lan el i\u015flemeleri ve el sanatlar\u0131 Keles Halk E\u011fitim Merkezi binas\u0131nda sergilendi. Sergiye Keles Kaymakam\u0131 Abd\u00fcssamed K\u0131l\u0131\u00e7, Belediye Ba\u015fkan yard\u0131mc\u0131s\u0131 Ahmet Akbey,\u0130l\u00e7e Milli E\u011fitim M\u00fcd\u00fcr\u00fc Ayd\u0131n Narin,  kursiyerler ve vatanda\u015flar kat\u0131ld\u0131.  Halk E\u011fitim M\u00fcd\u00fcr\u00fc Nafiz G\u00f6k\u00e7ek, \u201c2018-2019 \u00f6\u011fretim d\u00f6neminde el sanatlar\u0131 giyim, okuma- yazma, \u0130ngilizce, Osmanl\u0131ca, avc\u0131l\u0131k, ar\u0131c\u0131l\u0131k, bili\u015fim teknolojileri, Kur\u2019an-\u0131 kerim olmak \u00fczere toplam 60 kurs a\u00e7t\u0131k. 950 kursiyerimiz ile \u00e7al\u0131\u015fmalar\u0131m\u0131z\u0131 yapt\u0131k. Bu \u00e7al\u0131\u015fmalar\u0131m\u0131z\u0131 sergiliyoruz\u201d dedi.<\/p>\n","protected":false},"excerpt":{"rendered":"<p>HEM KURS\u0130YERLER\u0130 YIL BOYUNCA YAPTIKLARI ESERLER\u0130 SERG\u0130LED\u0130.<\/p>\n","protected":false},"author":1,"featured_media":0,"comment_status":"closed","ping_status":"open","sticky":false,"template":"","format":"standard","meta":{"jetpack_post_was_ever_published":false,"_jetpack_newsletter_access":"","_jetpack_dont_email_post_to_subs":false,"_jetpack_newsletter_tier_id":0,"_jetpack_memberships_contains_paywalled_content":false,"_jetpack_memberships_contains_paid_content":false,"footnotes":"","jetpack_publicize_message":"","jetpack_publicize_feature_enabled":true,"jetpack_social_post_already_shared":true,"jetpack_social_options":{"image_generator_settings":{"template":"highway","default_image_id":0,"font":"","enabled":false},"version":2}},"categories":[1],"tags":[41368,4820,1335,792,231],"class_list":["post-171393","post","type-post","status-publish","format-standard","hentry","category-genel","tag-hemden","tag-keles","tag-sergisi","tag-sona","tag-yil"],"jetpack_publicize_connections":[],"jetpack_featured_media_url":"","jetpack_sharing_enabled":true,"jetpack_shortlink":"https:\/\/wp.me\/paKIfm-IAp","_links":{"self":[{"href":"http:\/\/www.tvturk.com\/index.php\/wp-json\/wp\/v2\/posts\/171393","targetHints":{"allow":["GET"]}}],"collection":[{"href":"http:\/\/www.tvturk.com\/index.php\/wp-json\/wp\/v2\/posts"}],"about":[{"href":"http:\/\/www.tvturk.com\/index.php\/wp-json\/wp\/v2\/types\/post"}],"author":[{"embeddable":true,"href":"http:\/\/www.tvturk.com\/index.php\/wp-json\/wp\/v2\/users\/1"}],"replies":[{"embeddable":true,"href":"http:\/\/www.tvturk.com\/index.php\/wp-json\/wp\/v2\/comments?post=171393"}],"version-history":[{"count":0,"href":"http:\/\/www.tvturk.com\/index.php\/wp-json\/wp\/v2\/posts\/171393\/revisions"}],"wp:attachment":[{"href":"http:\/\/www.tvturk.com\/index.php\/wp-json\/wp\/v2\/media?parent=171393"}],"wp:term":[{"taxonomy":"category","embeddable":true,"href":"http:\/\/www.tvturk.com\/index.php\/wp-json\/wp\/v2\/categories?post=171393"},{"taxonomy":"post_tag","embeddable":true,"href":"http:\/\/www.tvturk.com\/index.php\/wp-json\/wp\/v2\/tags?post=171393"}],"curies":[{"name":"wp","href":"https:\/\/api.w.org\/{rel}","templated":true}]}}