{"id":171403,"date":"2019-06-19T18:34:17","date_gmt":"2019-06-19T15:34:17","guid":{"rendered":"http:\/\/www.tvturk.com\/index.php\/arda-balkay-yeni-sarkisini-yayinladi\/"},"modified":"2019-06-19T18:34:17","modified_gmt":"2019-06-19T15:34:17","slug":"arda-balkay-yeni-sarkisini-yayinladi","status":"publish","type":"post","link":"http:\/\/www.tvturk.com\/index.php\/arda-balkay-yeni-sarkisini-yayinladi\/","title":{"rendered":"Arda Balkay yeni \u015fark\u0131s\u0131n\u0131 yay\u0131nlad\u0131"},"content":{"rendered":"<p>7 Haziran 2019\u2019da yeni single \u00e7al\u0131\u015fmas\u0131yla kar\u015f\u0131m\u0131za \u00e7\u0131kan Arda Balkay bu kez \u201c\u0130nad\u0131n\u0131 Sevdi\u011fim\u201d diyerek Yi\u011fit Mahzuni imzal\u0131 \u015fark\u0131s\u0131n\u0131 Cem K\u0131l\u0131\u00e7 klip y\u00f6netmenli\u011finde Zula m\u00fczik etiketiyle yay\u0131nlad\u0131.<\/p>\n<p>Arda Balkay 17 Mart 1991\u2019de \u0130stanbul Emin\u00f6n\u00fc\u2019nde d\u00fcnyaya geldi. Hen\u00fcz k\u00fc\u00e7\u00fck ya\u015ftayken m\u00fczi\u011fe ilgisi ba\u015flayan Arda Balkay, 1996-1997 y\u0131llar\u0131nda ailesinin de te\u015fvikiyle \u015fan e\u011fitimi, gitar, ba\u011flama ve piyano dersleri alarak m\u00fczik hayat\u0131na ad\u0131m att\u0131. 6 farkl\u0131 enstr\u00fcman\u0131 profesyonel olarak \u00e7alan Arda Balkay profesyonel e\u011fitimine ise \u0130T\u00dc\u2019n\u00fcn T\u00fcrk Musikisi Devlet Konservatuar\u0131 \u00c7alg\u0131 Birimi lise b\u00f6l\u00fcm\u00fcnde ba\u015flad\u0131.<\/p>\n<p>E\u011fitimine bir s\u00fcre ara vererek \u00e7e\u015fitli mekanlarda sahne ald\u0131.<\/p>\n<p>2012 y\u0131l\u0131nda \u00fcniversite hayat\u0131na \u0130T\u00dc Konservatuar\u0131 M\u00fczik Teorisi b\u00f6l\u00fcm\u00fcnde ba\u015flad\u0131 ve hala \u00f6\u011frenimini s\u00fcrd\u00fcrmektedir. Arda Balkay, \u0130lk single \u00e7al\u0131\u015fmas\u0131 \u015e\u00fck\u00fcrler Olsun\u2019u 29 A\u011fustos 2016 tarihinde yay\u0131nlad\u0131. S\u00f6z-M\u00fczik Serdar Aslan ve \u015eebnem Sungur\u2019a ait \u015fark\u0131n\u0131n aranjesi Orhan Sancak\u2019a klip y\u00f6netmenli\u011fi ise Tamer Aydo\u011fdu etiketi ta\u015f\u0131yor. \u0130kinci single \u00e7al\u0131\u015fmas\u0131 Ziyan Zebil 8 Aral\u0131k 2016 tarihinde yay\u0131nland\u0131. S\u00f6z ve m\u00fczi\u011fi \u00d6zlem G\u00fcneykaya\u2019ya, aranjesi Orhan Sancak\u2019a klip y\u00f6netmenli\u011fi ise Tamer Aydo\u011fdu\u2019ya aittir.\u00dc\u00e7\u00fcnc\u00fc single \u00e7al\u0131\u015fmas\u0131 Leyla Olsun\u2019u 3 May\u0131s 2016 tarihinde yay\u0131nlad\u0131. S\u00f6z-M\u00fczik \u015eebnem Sungur, aranjesi Orhan Sancak, klip y\u00f6netmenli\u011fi ise Tamer Aydo\u011fdu etiketi ta\u015f\u0131yor.<\/p>\n<p>\u015eark\u0131lar Arpej Yap\u0131m etiketiyle yay\u0131nland\u0131.<\/p>\n<p>7 Haziran 2019\u2019da yeni single \u00e7al\u0131\u015fmas\u0131yla kar\u015f\u0131m\u0131za \u00e7\u0131kan Arda Balkay bu kez \u201c\u0130nad\u0131n\u0131 Sevdi\u011fim\u201d diyerek Yi\u011fit Mahzuni imzal\u0131 \u015fark\u0131s\u0131n\u0131 Cem K\u0131l\u0131\u00e7 klip y\u00f6netmenli\u011finde Zula m\u00fczik etiketiyle yay\u0131nlad\u0131. T\u00fcm \u015fark\u0131lar\u0131n\u0131n prod\u00fckt\u00f6rl\u00fc\u011f\u00fcn\u00fc \u00fcstlenen Cemil \u00dcng\u00f6r ile daha bir \u00e7ok ba\u015far\u0131ya ad\u0131m ataca\u011f\u0131n\u0131 s\u00f6ylemek m\u00fcmk\u00fcn.<\/p>\n","protected":false},"excerpt":{"rendered":"<p>7 HAZ\u0130RAN 2019\u2019DA YEN\u0130 S\u0130NGLE \u00c7ALI\u015eMASIYLA KAR\u015eIMIZA \u00c7IKAN ARDA BALKAY BU KEZ \u201c\u0130NADINI SEVD\u0130\u011e\u0130M\u201d D\u0130YEREK Y\u0130\u011e\u0130T MAHZUN\u0130 \u0130MZALI \u015eARKISINI CEM KILI\u00c7 KL\u0130P Y\u00d6NETMENL\u0130\u011e\u0130NDE ZULA M\u00dcZ\u0130K ET\u0130KET\u0130YLE YAYINLADI.<\/p>\n","protected":false},"author":1,"featured_media":0,"comment_status":"closed","ping_status":"open","sticky":false,"template":"","format":"standard","meta":{"jetpack_post_was_ever_published":false,"_jetpack_newsletter_access":"","_jetpack_dont_email_post_to_subs":false,"_jetpack_newsletter_tier_id":0,"_jetpack_memberships_contains_paywalled_content":false,"_jetpack_memberships_contains_paid_content":false,"footnotes":"","jetpack_publicize_message":"","jetpack_publicize_feature_enabled":true,"jetpack_social_post_already_shared":true,"jetpack_social_options":{"image_generator_settings":{"template":"highway","default_image_id":0,"font":"","enabled":false},"version":2}},"categories":[1],"tags":[1658,41371,33661,6922,87],"class_list":["post-171403","post","type-post","status-publish","format-standard","hentry","category-genel","tag-arda","tag-balkay","tag-sarkisini","tag-yayinladi","tag-yeni"],"jetpack_publicize_connections":[],"jetpack_featured_media_url":"","jetpack_sharing_enabled":true,"jetpack_shortlink":"https:\/\/wp.me\/paKIfm-IAz","_links":{"self":[{"href":"http:\/\/www.tvturk.com\/index.php\/wp-json\/wp\/v2\/posts\/171403","targetHints":{"allow":["GET"]}}],"collection":[{"href":"http:\/\/www.tvturk.com\/index.php\/wp-json\/wp\/v2\/posts"}],"about":[{"href":"http:\/\/www.tvturk.com\/index.php\/wp-json\/wp\/v2\/types\/post"}],"author":[{"embeddable":true,"href":"http:\/\/www.tvturk.com\/index.php\/wp-json\/wp\/v2\/users\/1"}],"replies":[{"embeddable":true,"href":"http:\/\/www.tvturk.com\/index.php\/wp-json\/wp\/v2\/comments?post=171403"}],"version-history":[{"count":0,"href":"http:\/\/www.tvturk.com\/index.php\/wp-json\/wp\/v2\/posts\/171403\/revisions"}],"wp:attachment":[{"href":"http:\/\/www.tvturk.com\/index.php\/wp-json\/wp\/v2\/media?parent=171403"}],"wp:term":[{"taxonomy":"category","embeddable":true,"href":"http:\/\/www.tvturk.com\/index.php\/wp-json\/wp\/v2\/categories?post=171403"},{"taxonomy":"post_tag","embeddable":true,"href":"http:\/\/www.tvturk.com\/index.php\/wp-json\/wp\/v2\/tags?post=171403"}],"curies":[{"name":"wp","href":"https:\/\/api.w.org\/{rel}","templated":true}]}}