{"id":171415,"date":"2019-06-19T18:34:43","date_gmt":"2019-06-19T15:34:43","guid":{"rendered":"http:\/\/www.tvturk.com\/index.php\/ogrenciler-hasta-cocuklarin-tedavi-surecini-hizlandiracaklar\/"},"modified":"2019-06-19T18:34:43","modified_gmt":"2019-06-19T15:34:43","slug":"ogrenciler-hasta-cocuklarin-tedavi-surecini-hizlandiracaklar","status":"publish","type":"post","link":"http:\/\/www.tvturk.com\/index.php\/ogrenciler-hasta-cocuklarin-tedavi-surecini-hizlandiracaklar\/","title":{"rendered":"\u00d6\u011frenciler hasta \u00e7ocuklar\u0131n tedavi s\u00fcrecini h\u0131zland\u0131racaklar"},"content":{"rendered":"<p>Esenyurt Necmi Kad\u0131o\u011flu Devlet Hastanesi \u00c7ocuk Yatakl\u0131 Servisinde yatan \u00e7ocuklar\u0131n tedavi s\u00fcrecini h\u0131zland\u0131rmak ad\u0131na \u0130stanbul Esenyurt \u00dcniversitesi Sa\u011fl\u0131k Bilimleri Fak\u00fcltesi ve Sa\u011fl\u0131k Hizmetleri Meslek Y\u00fcksekokulu \u00c7ocuk Geli\u015fimi b\u00f6l\u00fcm\u00fc \u00f6\u011frencileri onlara ya\u015fanabilir ortamlar haz\u0131rlad\u0131.<\/p>\n<p>Bu kapsamda Sa\u011fl\u0131k Hizmetleri Meslek Y\u00fcksekokulu \u00c7ocuk Geli\u015fimi Program\u0131 B\u00f6l\u00fcm Ba\u015fkan\u0131 \u00d6\u011fretim G\u00f6revlisi Recai Akay ve programda \u00d6\u011fretim G\u00f6revlisi olan Abdurrahman Ba\u015fkurt koordinat\u00f6rl\u00fc\u011f\u00fcnde bir dizi etkinlik d\u00fczenlendi.<\/p>\n<p>Ak\u00fcl\u00fc ara\u00e7 hediye edildi<\/p>\n<p>\u00d6ncelikle \u00e7ocuk yatakl\u0131 servisinde yatan \u00e7ocuklar\u0131n ameliyathaneye moral ve motivasyonlu gitmelerini sa\u011flamak amac\u0131yla iki adet ak\u00fcl\u00fc araban\u0131n al\u0131nmas\u0131 i\u00e7in \u00f6\u011frenciler taraf\u0131ndan bir kermes organize edildi. \u0130ki g\u00fcn boyunca devam eden kermesden elde edilen gelirler ile devlet hastanesinin \u00e7ocuk cerrahisi b\u00f6l\u00fcm\u00fcne iki adet ak\u00fcl\u00fc ara\u00e7 hediye edildi.<\/p>\n<p>Ayr\u0131ca hastane \u00e7ocuk yatakl\u0131 servisinde tedavi g\u00f6ren \u00e7ocuklar\u0131n psikolojik, sosyal ve duygusal a\u00e7\u0131dan y\u0131pram\u0131\u015fl\u0131klar\u0131n\u0131 \u00f6nlemek ve tedavi s\u00fcre\u00e7lerine ivme kazand\u0131rmak amac\u0131yla \u00e7ocuklar\u0131n odalar\u0131 \u00e7ocuk geli\u015fimine uygun olacak \u015fekilde dizayn edildi.<\/p>\n<p>Odalar\u0131n duvarlar\u0131na \u00e7izgi film karakterleri ve \u00f6\u011frencilerimizin \u00e7ocuk geli\u015fimi i\u00e7in tasarlad\u0131\u011f\u0131 \u00e7ocuklar\u0131 rahatlatan, moral ve motivasyon sa\u011flayan \u00e7izimler yap\u0131ld\u0131. Hastane koridorlar\u0131 \u00e7ocuk geli\u015fimine uygun sark\u0131tlarla ve resimlerle bezenerek \u00e7ocuklar hastane ortam\u0131n\u0131n kasvetli havas\u0131ndan uzakla\u015ft\u0131r\u0131ld\u0131.<\/p>\n<p>\u00c7ocuklar\u0131n hastanede hem e\u011flenmesi hem \u00f6\u011frenmesi amac\u0131yla boyama kitaplar\u0131 ve okuma kitaplar\u0131ndan olu\u015fan bir kitapl\u0131k da yap\u0131larak hastaneye ba\u011f\u0131\u015fland\u0131.<\/p>\n","protected":false},"excerpt":{"rendered":"<p>ESENYURT NECM\u0130 KADIO\u011eLU DEVLET HASTANES\u0130 \u00c7OCUK YATAKLI SERV\u0130S\u0130NDE YATAN \u00c7OCUKLARIN TEDAV\u0130 S\u00dcREC\u0130N\u0130 HIZLANDIRMAK ADINA \u0130STANBUL ESENYURT \u00dcN\u0130VERS\u0130TES\u0130 SA\u011eLIK B\u0130L\u0130MLER\u0130 FAK\u00dcLTES\u0130 VE SA\u011eLIK H\u0130ZMETLER\u0130 MESLEK Y\u00dcKSEKOKULU \u00c7OCUK GEL\u0130\u015e\u0130M\u0130 B\u00d6L\u00dcM\u00dc \u00d6\u011eRENC\u0130LER\u0130 ONLARA YA\u015eANAB\u0130L\u0130R ORTAMLAR HAZIRLADI.<\/p>\n","protected":false},"author":1,"featured_media":0,"comment_status":"closed","ping_status":"open","sticky":false,"template":"","format":"standard","meta":{"jetpack_post_was_ever_published":false,"_jetpack_newsletter_access":"","_jetpack_dont_email_post_to_subs":false,"_jetpack_newsletter_tier_id":0,"_jetpack_memberships_contains_paywalled_content":false,"_jetpack_memberships_contains_paid_content":false,"footnotes":"","jetpack_publicize_message":"","jetpack_publicize_feature_enabled":true,"jetpack_social_post_already_shared":true,"jetpack_social_options":{"image_generator_settings":{"template":"highway","default_image_id":0,"font":"","enabled":false},"version":2}},"categories":[1],"tags":[4136,4166,41376,1293,15457,144],"class_list":["post-171415","post","type-post","status-publish","format-standard","hentry","category-genel","tag-cocuklarin","tag-hasta","tag-hizlandiracaklar","tag-ogrenciler","tag-surecini","tag-tedavi"],"jetpack_publicize_connections":[],"jetpack_featured_media_url":"","jetpack_sharing_enabled":true,"jetpack_shortlink":"https:\/\/wp.me\/paKIfm-IAL","_links":{"self":[{"href":"http:\/\/www.tvturk.com\/index.php\/wp-json\/wp\/v2\/posts\/171415","targetHints":{"allow":["GET"]}}],"collection":[{"href":"http:\/\/www.tvturk.com\/index.php\/wp-json\/wp\/v2\/posts"}],"about":[{"href":"http:\/\/www.tvturk.com\/index.php\/wp-json\/wp\/v2\/types\/post"}],"author":[{"embeddable":true,"href":"http:\/\/www.tvturk.com\/index.php\/wp-json\/wp\/v2\/users\/1"}],"replies":[{"embeddable":true,"href":"http:\/\/www.tvturk.com\/index.php\/wp-json\/wp\/v2\/comments?post=171415"}],"version-history":[{"count":0,"href":"http:\/\/www.tvturk.com\/index.php\/wp-json\/wp\/v2\/posts\/171415\/revisions"}],"wp:attachment":[{"href":"http:\/\/www.tvturk.com\/index.php\/wp-json\/wp\/v2\/media?parent=171415"}],"wp:term":[{"taxonomy":"category","embeddable":true,"href":"http:\/\/www.tvturk.com\/index.php\/wp-json\/wp\/v2\/categories?post=171415"},{"taxonomy":"post_tag","embeddable":true,"href":"http:\/\/www.tvturk.com\/index.php\/wp-json\/wp\/v2\/tags?post=171415"}],"curies":[{"name":"wp","href":"https:\/\/api.w.org\/{rel}","templated":true}]}}