{"id":171455,"date":"2019-06-19T19:32:16","date_gmt":"2019-06-19T16:32:16","guid":{"rendered":"http:\/\/www.tvturk.com\/index.php\/gazisehirli-taraftarlar-baskan-icin-olum-orucuna-basliyor\/"},"modified":"2019-06-19T19:32:16","modified_gmt":"2019-06-19T16:32:16","slug":"gazisehirli-taraftarlar-baskan-icin-olum-orucuna-basliyor","status":"publish","type":"post","link":"http:\/\/www.tvturk.com\/index.php\/gazisehirli-taraftarlar-baskan-icin-olum-orucuna-basliyor\/","title":{"rendered":"Gazi\u015fehirli taraftarlar ba\u015fkan i\u00e7in \u00f6l\u00fcm orucuna ba\u015fl\u0131yor"},"content":{"rendered":"<p>Gazi\u015fehir Gaziantep\u2019in taraftarlar\u0131 bir araya gelerek, g\u00f6revi b\u0131rakaca\u011f\u0131 iddia edilen ba\u015fkan Adil Sani Konuko\u011flu\u2019na &#8220;Bizi b\u0131rakma&#8221; \u00e7a\u011fr\u0131s\u0131 yapt\u0131. Taraftarlar ba\u015fkan\u0131n g\u00f6revi b\u0131rakmas\u0131 halinde ise \u00f6l\u00fcm orucuna ba\u015flayacaklar\u0131n\u0131 a\u00e7\u0131klad\u0131.<\/p>\n<p>Gaziantep\u2019te iki y\u0131ld\u0131\u0131r Gazi\u015fehir Gaziantep\u2019in kul\u00fcp ba\u015fkanl\u0131\u011f\u0131n\u0131 yapan Adil Sani Konuko\u011flu\u2019nun g\u00f6revi b\u0131rakaca\u011f\u0131na y\u00f6nelik iddialar taraftarlar\u0131 aya\u011fa kald\u0131rd\u0131. Kentteki taraftalar derne\u011fi binas\u0131nda bir araya gelen taraftarlar Adil Sani Konuko\u011flu\u2019nun g\u00f6revi b\u0131rakmas\u0131 halinde a\u00e7l\u0131k grevine ve \u00f6l\u00fcm orucuna ba\u015flayacaklar\u0131n\u0131 a\u00e7\u0131klad\u0131.<\/p>\n<p>Gaziantep kentinin Gaziantepspor\u2019un y\u0131llard\u0131r toparlanamamas\u0131n\u0131n ard\u0131ndan futbolda kaybetti\u011fi heyecan\u0131 Adil Sani Konuko\u011flu sayesinde Gazi\u015fehir Gaziantep ile yakalad\u0131\u011f\u0131n\u0131 vurgulad\u0131. Gaziantep kentinin Konuko\u011flu ile iki y\u0131l aradan sonra tekrar s\u00fcper lige d\u00f6nd\u00fc\u011f\u00fcn\u00fc belirten Gazi\u015fehir Taraftar Derne\u011fi Ba\u015fkan\u0131 Mehmet Turan, \u00d6mer Faruk Toycu, Esat Yetmez, Re\u015fit Ceylan, Mahmut \u00c7a\u011fda\u015f, Mesut \u00c7amurcu ve Nihat Balyemez, &#8220;\u00d6ncelikle biz Adil ba\u015fkana \u015f\u00fckranlar\u0131m\u0131z\u0131 ifade etmek istiyoruz. Bir Gaziantepli olarak bu tak\u0131ma, bu \u015fehre sahip \u00e7\u0131kt\u0131. Ge\u00e7en sene Bursa\u2019da finali kaybetti\u011fimizde kendisi bizi teselli etmi\u015f seneye s\u00fcper lige \u00e7\u0131kar\u0131z demi\u015fti. Kendisi de elini ve g\u00f6vdesini her \u015feyiyle ta\u015f\u0131n alt\u0131na koydu ve sonunda tak\u0131m\u0131m\u0131z s\u00fcper lige \u00e7\u0131kt\u0131. O y\u00fczden \u015fu an \u00e7ok mutluyuz. Ama son g\u00fcnlerde Adil ba\u015fkan\u0131n sa\u011fl\u0131k sorunlar\u0131 nedeniyle g\u00f6revi b\u0131rakaca\u011f\u0131na dair s\u00f6ylentiler \u00e7ok \u00e7\u0131kt\u0131. Biz ba\u015fkan\u0131m\u0131z\u0131 kolay bulmad\u0131k. Biz ba\u015fkan\u0131m\u0131za yalvar\u0131yoruz. Bizi b\u0131rakmas\u0131n. Biz onun bizi b\u0131rakmamas\u0131 i\u00e7in a\u00e7l\u0131k grevine de \u00f6l\u00fcm orucuna da ba\u015flar\u0131z&#8221; ifadelerini kulland\u0131.<\/p>\n","protected":false},"excerpt":{"rendered":"<p>GAZ\u0130\u015eEH\u0130R GAZ\u0130ANTEP\u2019\u0130N TARAFTARLARI B\u0130R ARAYA GELEREK, G\u00d6REV\u0130 BIRAKACA\u011eI \u0130DD\u0130A ED\u0130LEN BA\u015eKAN AD\u0130L SAN\u0130 KONUKO\u011eLU\u2019NA &#8220;B\u0130Z\u0130 BIRAKMA&#8221; \u00c7A\u011eRISI YAPTI. TARAFTARLAR BA\u015eKANIN G\u00d6REV\u0130 BIRAKMASI HAL\u0130NDE \u0130SE \u00d6L\u00dcM ORUCUNA BA\u015eLAYACAKLARINI A\u00c7IKLADI.<\/p>\n","protected":false},"author":1,"featured_media":0,"comment_status":"closed","ping_status":"open","sticky":false,"template":"","format":"standard","meta":{"jetpack_post_was_ever_published":false,"_jetpack_newsletter_access":"","_jetpack_dont_email_post_to_subs":false,"_jetpack_newsletter_tier_id":0,"_jetpack_memberships_contains_paywalled_content":false,"_jetpack_memberships_contains_paid_content":false,"footnotes":"","jetpack_publicize_message":"","jetpack_publicize_feature_enabled":true,"jetpack_social_post_already_shared":true,"jetpack_social_options":{"image_generator_settings":{"template":"highway","default_image_id":0,"font":"","enabled":false},"version":2}},"categories":[657],"tags":[100,1647,41388,44,282,41389,6377],"class_list":["post-171455","post","type-post","status-publish","format-standard","hentry","category-spor","tag-baskan","tag-basliyor","tag-gazisehirli","tag-icin","tag-olum","tag-orucuna","tag-taraftarlar"],"jetpack_publicize_connections":[],"jetpack_featured_media_url":"","jetpack_sharing_enabled":true,"jetpack_shortlink":"https:\/\/wp.me\/paKIfm-IBp","_links":{"self":[{"href":"http:\/\/www.tvturk.com\/index.php\/wp-json\/wp\/v2\/posts\/171455","targetHints":{"allow":["GET"]}}],"collection":[{"href":"http:\/\/www.tvturk.com\/index.php\/wp-json\/wp\/v2\/posts"}],"about":[{"href":"http:\/\/www.tvturk.com\/index.php\/wp-json\/wp\/v2\/types\/post"}],"author":[{"embeddable":true,"href":"http:\/\/www.tvturk.com\/index.php\/wp-json\/wp\/v2\/users\/1"}],"replies":[{"embeddable":true,"href":"http:\/\/www.tvturk.com\/index.php\/wp-json\/wp\/v2\/comments?post=171455"}],"version-history":[{"count":0,"href":"http:\/\/www.tvturk.com\/index.php\/wp-json\/wp\/v2\/posts\/171455\/revisions"}],"wp:attachment":[{"href":"http:\/\/www.tvturk.com\/index.php\/wp-json\/wp\/v2\/media?parent=171455"}],"wp:term":[{"taxonomy":"category","embeddable":true,"href":"http:\/\/www.tvturk.com\/index.php\/wp-json\/wp\/v2\/categories?post=171455"},{"taxonomy":"post_tag","embeddable":true,"href":"http:\/\/www.tvturk.com\/index.php\/wp-json\/wp\/v2\/tags?post=171455"}],"curies":[{"name":"wp","href":"https:\/\/api.w.org\/{rel}","templated":true}]}}