{"id":171459,"date":"2019-06-19T19:46:39","date_gmt":"2019-06-19T16:46:39","guid":{"rendered":"http:\/\/www.tvturk.com\/index.php\/kibris-gazilerine-madalya-tevcih-edildi\/"},"modified":"2019-06-19T19:46:39","modified_gmt":"2019-06-19T16:46:39","slug":"kibris-gazilerine-madalya-tevcih-edildi","status":"publish","type":"post","link":"http:\/\/www.tvturk.com\/index.php\/kibris-gazilerine-madalya-tevcih-edildi\/","title":{"rendered":"K\u0131br\u0131s gazilerine madalya tevcih edildi"},"content":{"rendered":"<p>Keles Kaymakam\u0131 Abdussemed K\u0131l\u0131\u00e7 ve Belediye Ba\u015fkan\u0131 Mehmet Keskin, K\u0131br\u0131s gazilerine madalyalar\u0131n\u0131 ve beratlar\u0131n\u0131 takdim etti.<\/p>\n<p>Bursa\u2019n\u0131n Keles il\u00e7esinde Kuzey K\u0131br\u0131s T\u00fcrk Cumhuriyeti taraf\u0131ndan Milli M\u00fccadele Madalyalar\u0131 T\u00fcz\u00fc\u011f\u00fc kapsam\u0131nda K\u0131br\u0131s Bar\u0131\u015f Harek\u00e2t\u0131na kat\u0131lan gaziler i\u00e7in haz\u0131rlanan madalya ve beratlar\u0131 gazilere t\u00f6renle teslim edildi. K\u0131br\u0131s gazilerine takdim edilen  madalya ve beratlar\u0131n ard\u0131ndan Keles Kaymakam\u0131 Abdussemed K\u0131l\u0131\u00e7, Belediye Ba\u015fkan\u0131 Mehmet Keskin ve gazilerin aileleri hep beraber hat\u0131ra foto\u011fraf\u0131 \u00e7ektirdi.<\/p>\n","protected":false},"excerpt":{"rendered":"<p>KELES KAYMAKAMI ABDUSSEMED KILI\u00c7 VE BELED\u0130YE BA\u015eKANI MEHMET KESK\u0130N, KIBRIS GAZ\u0130LER\u0130NE MADALYALARINI VE BERATLARINI TAKD\u0130M ETT\u0130.<\/p>\n","protected":false},"author":1,"featured_media":0,"comment_status":"closed","ping_status":"open","sticky":false,"template":"","format":"standard","meta":{"jetpack_post_was_ever_published":false,"_jetpack_newsletter_access":"","_jetpack_dont_email_post_to_subs":false,"_jetpack_newsletter_tier_id":0,"_jetpack_memberships_contains_paywalled_content":false,"_jetpack_memberships_contains_paid_content":false,"footnotes":"","jetpack_publicize_message":"","jetpack_publicize_feature_enabled":true,"jetpack_social_post_already_shared":true,"jetpack_social_options":{"image_generator_settings":{"template":"highway","default_image_id":0,"font":"","enabled":false},"version":2}},"categories":[1],"tags":[857,33891,7566,3800,41392],"class_list":["post-171459","post","type-post","status-publish","format-standard","hentry","category-genel","tag-edildi","tag-gazilerine","tag-kibris","tag-madalya","tag-tevcih"],"jetpack_publicize_connections":[],"jetpack_featured_media_url":"","jetpack_sharing_enabled":true,"jetpack_shortlink":"https:\/\/wp.me\/paKIfm-IBt","_links":{"self":[{"href":"http:\/\/www.tvturk.com\/index.php\/wp-json\/wp\/v2\/posts\/171459","targetHints":{"allow":["GET"]}}],"collection":[{"href":"http:\/\/www.tvturk.com\/index.php\/wp-json\/wp\/v2\/posts"}],"about":[{"href":"http:\/\/www.tvturk.com\/index.php\/wp-json\/wp\/v2\/types\/post"}],"author":[{"embeddable":true,"href":"http:\/\/www.tvturk.com\/index.php\/wp-json\/wp\/v2\/users\/1"}],"replies":[{"embeddable":true,"href":"http:\/\/www.tvturk.com\/index.php\/wp-json\/wp\/v2\/comments?post=171459"}],"version-history":[{"count":0,"href":"http:\/\/www.tvturk.com\/index.php\/wp-json\/wp\/v2\/posts\/171459\/revisions"}],"wp:attachment":[{"href":"http:\/\/www.tvturk.com\/index.php\/wp-json\/wp\/v2\/media?parent=171459"}],"wp:term":[{"taxonomy":"category","embeddable":true,"href":"http:\/\/www.tvturk.com\/index.php\/wp-json\/wp\/v2\/categories?post=171459"},{"taxonomy":"post_tag","embeddable":true,"href":"http:\/\/www.tvturk.com\/index.php\/wp-json\/wp\/v2\/tags?post=171459"}],"curies":[{"name":"wp","href":"https:\/\/api.w.org\/{rel}","templated":true}]}}