{"id":171465,"date":"2019-06-19T19:47:16","date_gmt":"2019-06-19T16:47:16","guid":{"rendered":"http:\/\/www.tvturk.com\/index.php\/baskan-kadir-daglidan-federasyon-baskani-ozdemire-ziyaret\/"},"modified":"2019-06-19T19:47:16","modified_gmt":"2019-06-19T16:47:16","slug":"baskan-kadir-daglidan-federasyon-baskani-ozdemire-ziyaret","status":"publish","type":"post","link":"http:\/\/www.tvturk.com\/index.php\/baskan-kadir-daglidan-federasyon-baskani-ozdemire-ziyaret\/","title":{"rendered":"Ba\u015fkan Kadir Da\u011fl\u0131\u2019dan Federasyon Ba\u015fkan\u0131 \u00d6zdemir\u2019e ziyaret"},"content":{"rendered":"<p>Nuno Andre Coelho dosyas\u0131 i\u00e7in \u0130stanbul\u2019da bulunan Bal\u0131kesirspor Ba\u015fkan\u0131 Kadir Da\u011fl\u0131, T\u00fcrkiye Futbol Federasyonu Ba\u015fkan\u0131 Nihat \u00d6zdemir\u2019i ziyaret etti.<\/p>\n<p>Riva Hasan Do\u011fan Milli Tak\u0131mlar Kamp ve E\u011fitim Tesisleri\u2019nde ger\u00e7ekle\u015fen ziyarette kar\u015f\u0131l\u0131kl\u0131 fikir al\u0131\u015fveri\u015finde bulunuldu.<\/p>\n<p>Bal\u0131kesirspor Kul\u00fcb\u00fc\u2019n\u00fcn sosyal medya hesab\u0131ndan ziyaretle ilgili yap\u0131lan a\u00e7\u0131klamada, &#8220;Nuno Andre Coelho dosyas\u0131 ile ilgili \u0130stanbul\u2019da bulunan Kul\u00fcp Ba\u015fkan\u0131m\u0131z Kadir Da\u011fl\u0131, TFF Ba\u015fkan\u0131 Nihat \u00d6zdemir\u2019i makam\u0131nda ziyaret etti. Bal\u0131kesir\u2019e ve Bal\u0131kesirsporlu herkese selamlar\u0131n\u0131 ileten TFF Ba\u015fkan\u0131 Nihat \u00d6zdemir, ziyaretten duydu\u011fu memnuniyeti Ba\u015fkan\u0131m\u0131z Kadir Da\u011fl\u0131 ile payla\u015f\u0131rken, Bal\u0131kesir\u2019e kar\u015f\u0131 ayr\u0131 bir sevgisinin oldu\u011funu da belirtti. Sn. Nihat \u00d6zdemir\u2019e, Bal\u0131kesir\u2019e ve Ba\u015fkan\u0131m\u0131z Kadir Da\u011fl\u0131\u2019ya g\u00f6stermi\u015f oldu\u011fu sayg\u0131 ve sevgiden dolay\u0131 te\u015fekk\u00fcrlerimizi sunuyoruz&#8221; ifadelerine yer verildi.<\/p>\n","protected":false},"excerpt":{"rendered":"<p>NUNO ANDRE COELHO DOSYASI \u0130\u00c7\u0130N \u0130STANBUL\u2019DA BULUNAN BALIKES\u0130RSPOR BA\u015eKANI KAD\u0130R DA\u011eLI T\u00dcRK\u0130YE FUTBOL FEDERASYONU BA\u015eKANI N\u0130HAT \u00d6ZDEM\u0130R&#8217;\u0130 Z\u0130YARET ETT\u0130.<\/p>\n","protected":false},"author":1,"featured_media":0,"comment_status":"closed","ping_status":"open","sticky":false,"template":"","format":"standard","meta":{"jetpack_post_was_ever_published":false,"_jetpack_newsletter_access":"","_jetpack_dont_email_post_to_subs":false,"_jetpack_newsletter_tier_id":0,"_jetpack_memberships_contains_paywalled_content":false,"_jetpack_memberships_contains_paid_content":false,"footnotes":"","jetpack_publicize_message":"","jetpack_publicize_feature_enabled":true,"jetpack_social_post_already_shared":true,"jetpack_social_options":{"image_generator_settings":{"template":"highway","default_image_id":0,"font":"","enabled":false},"version":2}},"categories":[657],"tags":[100,216,41394,6335,4383,16756,150],"class_list":["post-171465","post","type-post","status-publish","format-standard","hentry","category-spor","tag-baskan","tag-baskani","tag-daglidan","tag-federasyon","tag-kadir","tag-ozdemire","tag-ziyaret"],"jetpack_publicize_connections":[],"jetpack_featured_media_url":"","jetpack_sharing_enabled":true,"jetpack_shortlink":"https:\/\/wp.me\/paKIfm-IBz","_links":{"self":[{"href":"http:\/\/www.tvturk.com\/index.php\/wp-json\/wp\/v2\/posts\/171465","targetHints":{"allow":["GET"]}}],"collection":[{"href":"http:\/\/www.tvturk.com\/index.php\/wp-json\/wp\/v2\/posts"}],"about":[{"href":"http:\/\/www.tvturk.com\/index.php\/wp-json\/wp\/v2\/types\/post"}],"author":[{"embeddable":true,"href":"http:\/\/www.tvturk.com\/index.php\/wp-json\/wp\/v2\/users\/1"}],"replies":[{"embeddable":true,"href":"http:\/\/www.tvturk.com\/index.php\/wp-json\/wp\/v2\/comments?post=171465"}],"version-history":[{"count":0,"href":"http:\/\/www.tvturk.com\/index.php\/wp-json\/wp\/v2\/posts\/171465\/revisions"}],"wp:attachment":[{"href":"http:\/\/www.tvturk.com\/index.php\/wp-json\/wp\/v2\/media?parent=171465"}],"wp:term":[{"taxonomy":"category","embeddable":true,"href":"http:\/\/www.tvturk.com\/index.php\/wp-json\/wp\/v2\/categories?post=171465"},{"taxonomy":"post_tag","embeddable":true,"href":"http:\/\/www.tvturk.com\/index.php\/wp-json\/wp\/v2\/tags?post=171465"}],"curies":[{"name":"wp","href":"https:\/\/api.w.org\/{rel}","templated":true}]}}