{"id":171471,"date":"2019-06-19T21:01:26","date_gmt":"2019-06-19T18:01:26","guid":{"rendered":"http:\/\/www.tvturk.com\/index.php\/esad-rejiminden-idlibe-saldiri-14-olu-15-yarali\/"},"modified":"2019-06-19T21:01:26","modified_gmt":"2019-06-19T18:01:26","slug":"esad-rejiminden-idlibe-saldiri-14-olu-15-yarali","status":"publish","type":"post","link":"http:\/\/www.tvturk.com\/index.php\/esad-rejiminden-idlibe-saldiri-14-olu-15-yarali\/","title":{"rendered":"Esad rejiminden \u0130dlib\u2019e sald\u0131r\u0131: 14 \u00f6l\u00fc, 15 yaral\u0131"},"content":{"rendered":"<p>Esad rejiminin \u0130dlib\u2019e d\u00fczenledi\u011fi yo\u011fun bombard\u0131man sonucu 14 sivil ya\u015fam\u0131n\u0131 yitirdi ve 15 ki\u015fi de a\u011f\u0131r yaraland\u0131.<\/p>\n<p>Esad rejimi yanl\u0131s\u0131 g\u00fc\u00e7lerin \u0130dlib k\u0131rsal\u0131ndaki \u00e7e\u015fitli k\u00f6ylere d\u00fczenledi\u011fi sald\u0131r\u0131lar sonucu 14 sivil vatanda\u015f hayat\u0131n\u0131 kaybederken 15 ki\u015fi de yaraland\u0131. Yerel kaynaklar g\u00fcn i\u00e7erisinde ger\u00e7ekle\u015fen iki b\u00fcy\u00fck sald\u0131r\u0131 sonucu bir k\u00f6yde 11 ki\u015finin ba\u015fka bir k\u00f6yde ise 3 ki\u015finin ya\u015fam\u0131n\u0131 yitirdi\u011fini kaydetti. Sald\u0131r\u0131lar sonucu her iki k\u00f6yde toplamda 15 ki\u015finin de a\u011f\u0131r yaraland\u0131\u011f\u0131 belirtildi.<\/p>\n","protected":false},"excerpt":{"rendered":"<p>ESAD REJ\u0130M\u0130N\u0130N \u0130DL\u0130B\u2019E D\u00dcZENLED\u0130\u011e\u0130 YO\u011eUN BOMBARDIMAN SONUCU 14 S\u0130V\u0130L YA\u015eAMINI Y\u0130T\u0130RD\u0130 VE 15 K\u0130\u015e\u0130 DE A\u011eIR YARALANDI.<\/p>\n","protected":false},"author":1,"featured_media":0,"comment_status":"closed","ping_status":"open","sticky":false,"template":"","format":"standard","meta":{"jetpack_post_was_ever_published":false,"_jetpack_newsletter_access":"","_jetpack_dont_email_post_to_subs":false,"_jetpack_newsletter_tier_id":0,"_jetpack_memberships_contains_paywalled_content":false,"_jetpack_memberships_contains_paid_content":false,"footnotes":"","jetpack_publicize_message":"","jetpack_publicize_feature_enabled":true,"jetpack_social_post_already_shared":true,"jetpack_social_options":{"image_generator_settings":{"template":"highway","default_image_id":0,"font":"","enabled":false},"version":2}},"categories":[10],"tags":[2104,2106,1664,17990,999,774],"class_list":["post-171471","post","type-post","status-publish","format-standard","hentry","category-dunya","tag-esad","tag-idlibe","tag-olu","tag-rejiminden","tag-saldiri","tag-yarali"],"jetpack_publicize_connections":[],"jetpack_featured_media_url":"","jetpack_sharing_enabled":true,"jetpack_shortlink":"https:\/\/wp.me\/paKIfm-IBF","_links":{"self":[{"href":"http:\/\/www.tvturk.com\/index.php\/wp-json\/wp\/v2\/posts\/171471","targetHints":{"allow":["GET"]}}],"collection":[{"href":"http:\/\/www.tvturk.com\/index.php\/wp-json\/wp\/v2\/posts"}],"about":[{"href":"http:\/\/www.tvturk.com\/index.php\/wp-json\/wp\/v2\/types\/post"}],"author":[{"embeddable":true,"href":"http:\/\/www.tvturk.com\/index.php\/wp-json\/wp\/v2\/users\/1"}],"replies":[{"embeddable":true,"href":"http:\/\/www.tvturk.com\/index.php\/wp-json\/wp\/v2\/comments?post=171471"}],"version-history":[{"count":0,"href":"http:\/\/www.tvturk.com\/index.php\/wp-json\/wp\/v2\/posts\/171471\/revisions"}],"wp:attachment":[{"href":"http:\/\/www.tvturk.com\/index.php\/wp-json\/wp\/v2\/media?parent=171471"}],"wp:term":[{"taxonomy":"category","embeddable":true,"href":"http:\/\/www.tvturk.com\/index.php\/wp-json\/wp\/v2\/categories?post=171471"},{"taxonomy":"post_tag","embeddable":true,"href":"http:\/\/www.tvturk.com\/index.php\/wp-json\/wp\/v2\/tags?post=171471"}],"curies":[{"name":"wp","href":"https:\/\/api.w.org\/{rel}","templated":true}]}}