{"id":171495,"date":"2019-06-19T22:16:50","date_gmt":"2019-06-19T19:16:50","guid":{"rendered":"http:\/\/www.tvturk.com\/index.php\/dunyaca-unlu-kanaldan-20-traktor-atik-cikti\/"},"modified":"2019-06-19T22:16:50","modified_gmt":"2019-06-19T19:16:50","slug":"dunyaca-unlu-kanaldan-20-traktor-atik-cikti","status":"publish","type":"post","link":"http:\/\/www.tvturk.com\/index.php\/dunyaca-unlu-kanaldan-20-traktor-atik-cikti\/","title":{"rendered":"D\u00fcnyaca \u00fcnl\u00fc kanaldan 20 trakt\u00f6r at\u0131k \u00e7\u0131kt\u0131"},"content":{"rendered":"<p>Mu\u011fla\u2019da, Dalyan Kanal\u0131 ve K\u00f6yce\u011fiz G\u00f6l\u00fc\u2019nden dalg\u0131\u00e7lar taraf\u0131ndan 20 trakt\u00f6r at\u0131k \u00e7\u0131kar\u0131ld\u0131.<\/p>\n<p>Ekosistemin korunmas\u0131 amac\u0131yla 12 kilometrelik Dalyan Kanal\u0131 ve K\u00f6yce\u011fiz G\u00f6l\u00fc\u2019nde dip temizli\u011fi yap\u0131ld\u0131. Dalyan Su \u00dcr\u00fcnleri Kooperatifi (DALKO) \u00f6nc\u00fcl\u00fc\u011f\u00fcnde, Dalyan \u0130ztuzu Turizm Tan\u0131t\u0131m Derne\u011fi\u2019nin deste\u011fiyle ger\u00e7ekle\u015ftirilen etkinlikte, dalg\u0131\u00e7lar temizlik yapt\u0131. Etkinli\u011fe, DALKO ve su alt\u0131 sporlar\u0131 kul\u00fcplerinden dalg\u0131\u00e7lar ile Mu\u011fla Emniyet M\u00fcd\u00fcrl\u00fc\u011f\u00fc Sualt\u0131 Grup Amirli\u011finden dalg\u0131\u00e7lar kat\u0131ld\u0131. \u00dc\u00e7 g\u00fcn s\u00fcren \u00e7al\u0131\u015fmada dalg\u0131\u00e7lar taraf\u0131ndan su alt\u0131ndan cam, plastik \u015fi\u015fe, halat, battaniye, lastik, hal\u0131, masa, sandalye gibi at\u0131klar \u00e7\u0131kar\u0131ld\u0131. Sandallarla k\u0131y\u0131ya getirilen yakla\u015f\u0131k 20 trakt\u00f6r r\u00f6morku at\u0131k, belediye ekiplerince al\u0131nd\u0131.<\/p>\n<p>DALKO Ba\u015fkan\u0131 Arif Yal\u0131l\u0131, gelecek nesillere g\u00fczel bir do\u011fa b\u0131rakmak amac\u0131yla dip temizli\u011fini ger\u00e7ekle\u015ftirdiklerini vurgulad\u0131. K\u00f6yce\u011fiz G\u00f6l\u00fc ve Dalyan Kanal\u0131\u2019n\u0131n bir b\u00fct\u00fcn oldu\u011funa de\u011finen Yal\u0131l\u0131, \u00fczerilerine d\u00fc\u015fen g\u00f6revi yapacaklar\u0131n\u0131 belirterek, \u201cK\u00f6yce\u011fiz\u2019i \u00e7ok farkl\u0131 seven biri olarak, burada \u00e7ok \u00f6zel g\u00f6revlerimizin oldu\u011fu bilinciyle yetkili arkada\u015flar\u0131m\u0131zla bir araya geldik. Vatanda\u015flar\u0131m\u0131zdan tek iste\u011fimiz, belirlenen kurallara uymalar\u0131, \u00e7evre sa\u011fl\u0131\u011f\u0131 ve temizli\u011fine gerekli hassasiyeti g\u00f6stererek, \u015fehrimize sahip \u00e7\u0131kmalar\u0131d\u0131r. Gelece\u011fimiz olan \u00e7ocuklar\u0131m\u0131za daha ye\u015fil, daha temiz ve daha ya\u015fan\u0131r bir kent b\u0131rakmak hepimizin g\u00f6revi\u201d diye konu\u015ftu.<\/p>\n<p>&#8220;G\u00f6l temiz olursa turizm, tar\u0131m, bal\u0131k\u00e7\u0131l\u0131k, ekonomi ve do\u011fa daha iyi olur&#8221; diyen K\u00f6yce\u011fiz Belediye Ba\u015fkan\u0131 Kamil Ceylan, \u201cDALKO Ba\u015fkan\u0131 Arif Yal\u0131l\u0131\u2019ya ricam\u0131 dikkate ald\u0131\u011f\u0131 i\u00e7in \u00e7ok te\u015fekk\u00fcr ediyorum. Ge\u00e7en y\u0131l K\u00f6yce\u011fiz Turizm ve Do\u011fay\u0131 Koruma Derne\u011fi\u2019nin giri\u015fimi ile K\u00f6yce\u011fiz\u2019de temel amac\u0131 fark\u0131ndal\u0131k olu\u015fturmak olan su alt\u0131 ve k\u0131y\u0131 temizli\u011fi yap\u0131lm\u0131\u015ft\u0131. Kordonumuz eski berrakl\u0131\u011f\u0131yla halk\u0131m\u0131z\u0131n hizmetine a\u00e7\u0131lacak. Yapt\u0131\u011f\u0131m\u0131z bu temizlik hareketi ile hem g\u00f6r\u00fcnt\u00fc kirlili\u011fi ortadan kalk\u0131yor, hem de \u015fehrimiz daha temiz bir g\u00f6r\u00fcnt\u00fcye kavu\u015fuyor\u201d dedi. Vatanda\u015flar\u0131n daha duyarl\u0131 olmas\u0131n\u0131, at\u0131klar\u0131n\u0131 bidonlara atmas\u0131n\u0131 veya po\u015fetleyerek bidonlar\u0131n yan\u0131na b\u0131rakmas\u0131n\u0131 beklediklerini ifade eden Ceylan, &#8220;\u00c7\u00f6p\u00fc oldu\u011fu yerde b\u0131rakmayal\u0131m ki, ba\u015fka birisi geldi\u011fi zaman oray\u0131 temiz bulsun\u201d \u015feklinde konu\u015ftu.<\/p>\n","protected":false},"excerpt":{"rendered":"<p>MU\u011eLA&#8217;DA, DALYAN KANALI VE K\u00d6YCE\u011e\u0130Z G\u00d6L\u00dc&#8217;NDEN DALGI\u00c7LAR TARAFINDAN 20 TRAKT\u00d6R ATIK \u00c7IKARILDI.<\/p>\n","protected":false},"author":1,"featured_media":0,"comment_status":"closed","ping_status":"open","sticky":false,"template":"","format":"standard","meta":{"jetpack_post_was_ever_published":false,"_jetpack_newsletter_access":"","_jetpack_dont_email_post_to_subs":false,"_jetpack_newsletter_tier_id":0,"_jetpack_memberships_contains_paywalled_content":false,"_jetpack_memberships_contains_paid_content":false,"footnotes":"","jetpack_publicize_message":"","jetpack_publicize_feature_enabled":true,"jetpack_social_post_already_shared":true,"jetpack_social_options":{"image_generator_settings":{"template":"highway","default_image_id":0,"font":"","enabled":false},"version":2}},"categories":[1],"tags":[4512,1202,9392,41402,475,5590],"class_list":["post-171495","post","type-post","status-publish","format-standard","hentry","category-genel","tag-atik","tag-cikti","tag-dunyaca","tag-kanaldan","tag-traktor","tag-unlu"],"jetpack_publicize_connections":[],"jetpack_featured_media_url":"","jetpack_sharing_enabled":true,"jetpack_shortlink":"https:\/\/wp.me\/paKIfm-IC3","_links":{"self":[{"href":"http:\/\/www.tvturk.com\/index.php\/wp-json\/wp\/v2\/posts\/171495","targetHints":{"allow":["GET"]}}],"collection":[{"href":"http:\/\/www.tvturk.com\/index.php\/wp-json\/wp\/v2\/posts"}],"about":[{"href":"http:\/\/www.tvturk.com\/index.php\/wp-json\/wp\/v2\/types\/post"}],"author":[{"embeddable":true,"href":"http:\/\/www.tvturk.com\/index.php\/wp-json\/wp\/v2\/users\/1"}],"replies":[{"embeddable":true,"href":"http:\/\/www.tvturk.com\/index.php\/wp-json\/wp\/v2\/comments?post=171495"}],"version-history":[{"count":0,"href":"http:\/\/www.tvturk.com\/index.php\/wp-json\/wp\/v2\/posts\/171495\/revisions"}],"wp:attachment":[{"href":"http:\/\/www.tvturk.com\/index.php\/wp-json\/wp\/v2\/media?parent=171495"}],"wp:term":[{"taxonomy":"category","embeddable":true,"href":"http:\/\/www.tvturk.com\/index.php\/wp-json\/wp\/v2\/categories?post=171495"},{"taxonomy":"post_tag","embeddable":true,"href":"http:\/\/www.tvturk.com\/index.php\/wp-json\/wp\/v2\/tags?post=171495"}],"curies":[{"name":"wp","href":"https:\/\/api.w.org\/{rel}","templated":true}]}}