{"id":171503,"date":"2019-06-19T23:47:11","date_gmt":"2019-06-19T20:47:11","guid":{"rendered":"http:\/\/www.tvturk.com\/index.php\/konyada-galatasarayin-22-sampiyonlugu-kutlandi\/"},"modified":"2019-06-19T23:47:11","modified_gmt":"2019-06-19T20:47:11","slug":"konyada-galatasarayin-22-sampiyonlugu-kutlandi","status":"publish","type":"post","link":"http:\/\/www.tvturk.com\/index.php\/konyada-galatasarayin-22-sampiyonlugu-kutlandi\/","title":{"rendered":"Konya\u2019da Galatasaray\u2019\u0131n 22. \u015fampiyonlu\u011fu kutland\u0131"},"content":{"rendered":"<p>Konya\u2019da, 2018-2019 sezonu \u015fampiyonu Galatasaray\u2019\u0131n 22. \u015fampiyonlu\u011fu d\u00fczenlenen e\u011flenceyle kutland\u0131.<\/p>\n<p>Galatasaray\u2019\u0131n 22. \u015fampiyonlu\u011fu Konya\u2019da kutland\u0131. Kutlama program\u0131 i\u00e7in Konya\u2019ya gelen Galatasaray Ba\u015fkan\u0131 Mustafa Cengiz program\u0131n d\u00fczenlendi\u011fi otelde co\u015fkuyla kar\u015f\u0131land\u0131. Ba\u015fkan Cengiz, kendisi ile foto\u011fraf \u00e7ektirmek isteyenleri k\u0131rmayarak, tek tek ilgilendi. Kutlamalar engelli mehter tak\u0131m\u0131n\u0131n g\u00f6steriyle ba\u015flad\u0131. Ard\u0131ndan kutlamada konu\u015fan Galatasaray Kul\u00fcb\u00fc Ba\u015fkan\u0131 Mustafa Cengiz, Galatasaray\u2019\u0131n bir sivil toplum \u00f6rg\u00fct\u00fc, bir ruh oldu\u011funu belirterek, &#8220;Burada otistik karde\u015flerimize destek olan bu g\u00fczel Konyal\u0131 karde\u015flerimize te\u015fekk\u00fcr ediyorum. Akl\u0131ma Yahya Kemal\u2019in \u015fiirini getirdiler mehter okurken \u2018Bin atl\u0131 o g\u00fcn ak\u0131nlarda \u00e7ocuklar gibi \u015fendik, bin atl\u0131 o g\u00fcn dev gibi bir orduyu yendik.\u2019 \u0130\u015fte Galatasaray da \u00e7ok az bir say\u0131yla ba\u015fkan\u0131m\u0131n bahsetti\u011fi \u015fekilde binlerce ki\u015fiden olu\u015fan cepheye kar\u015f\u0131 m\u00fccadele etti ve dev gibi ordular\u0131 yendik uluslararas\u0131 \u00e7apta. Ne mutlu bize ki Galatasarayl\u0131y\u0131z, ne mutlu bize ki Galatasaray\u2019a  g\u00f6n\u00fcl verdik. De\u011ferli karde\u015flerim biz g\u00f6reve geldi\u011fimiz andan itibaren sizin bize verdi\u011finiz deste\u011fi hissettik. Gerek Konya\u2019da, gerek Edirne\u2019de, gerek Ardahan\u2019da, gerek \u0130zmir\u2019de, Alia\u011fa\u2019da, Antalya\u2019da, G\u00f6nen\u2019de, her yerde biz bunu hissettik. Ve sizden ald\u0131\u011f\u0131m\u0131z o g\u00fc\u00e7le bizlere kar\u015f\u0131 m\u00fccadele eden b\u00fct\u00fcn unsurlarla m\u00fccadele ettik ve ba\u015far\u0131l\u0131 olduk. 16 ay i\u00e7inde 3 kupa ald\u0131k, ikisi burada. \u0130nan\u0131yorum ki ve in\u015fallah 7 A\u011fustos Ankara\u2019da 4. kupay\u0131 kald\u0131r\u0131r\u0131z. M\u00fczemizde binlerce kupa var. Beyo\u011flu\u2019na koydu\u011fumuz ve m\u00fczemize s\u0131\u011fd\u0131ramad\u0131\u011f\u0131m\u0131z 3 bin kupa daha var. Biz bu kupalara katk\u0131 vermi\u015f, bizi bug\u00fcnlere getirmi\u015f Ali Sami Yen\u2019den bu yana  b\u00fct\u00fcn y\u00f6netimlere ve taraftarlara te\u015fekk\u00fcr ederiz. Ne mutluyuz ki ben anne taraf\u0131m Horasan Konya, ne mutlu ki sizlerle beraberim, ne mutlu ki sizlerle beraber, Konyal\u0131 karde\u015flerimle beraber bu \u015fampiyonluklar\u0131 kutluyorum. \u0130yi ki vars\u0131n\u0131z, var olun, sa\u011f olun&#8221; dedi.<\/p>\n<p>Konya Galatasarayl\u0131lar Derne\u011fi Ba\u015fkan\u0131 S\u0131tk\u0131 Korkmaz ise, &#8220;Biz y\u0131lmad\u0131k, y\u0131k\u0131lmad\u0131k bug\u00fcnlere geldik. \u00c7ok \u015f\u00fck\u00fcr inanc\u0131n, kazanman\u0131n zaferin sonucu i\u015fte g\u00f6r\u00fcyorsunuz 2 tane kupam\u0131z. \u015e\u00fck\u00fcrler olsun, sevgili ba\u015fkan\u0131m varl\u0131\u011f\u0131n\u0131z daim olsun. Bu vesileyle, tekrar hepinize te\u015fekk\u00fcrlerimi sunuyorum&#8221; ifadelerini kulland\u0131.<\/p>\n<p>Ard\u0131ndan Galatasaray\u2019\u0131n 22. \u015fampiyonluk pastas\u0131 Ba\u015fkan Cengiz ve y\u00f6netim kurulu \u00fcyeleri taraf\u0131ndan kesildi. Kutlamalar \u015fark\u0131c\u0131 \u00c7a\u011fla\u2019n\u0131n konseriyle devam etti.<\/p>\n","protected":false},"excerpt":{"rendered":"<p>GALATASARAY\u2019IN 22. \u015eAMP\u0130YONLUK PASTASI BA\u015eKAN CENG\u0130Z VE Y\u00d6NET\u0130M \u00dcYELER\u0130 TARAFINDAN KES\u0130LD\u0130.<\/p>\n","protected":false},"author":1,"featured_media":0,"comment_status":"closed","ping_status":"open","sticky":false,"template":"","format":"standard","meta":{"jetpack_post_was_ever_published":false,"_jetpack_newsletter_access":"","_jetpack_dont_email_post_to_subs":false,"_jetpack_newsletter_tier_id":0,"_jetpack_memberships_contains_paywalled_content":false,"_jetpack_memberships_contains_paid_content":false,"footnotes":"","jetpack_publicize_message":"","jetpack_publicize_feature_enabled":true,"jetpack_social_post_already_shared":true,"jetpack_social_options":{"image_generator_settings":{"template":"highway","default_image_id":0,"font":"","enabled":false},"version":2}},"categories":[657],"tags":[1177,17835,2980,2822,7539],"class_list":["post-171503","post","type-post","status-publish","format-standard","hentry","category-spor","tag-1177","tag-galatasarayin","tag-konyada","tag-kutlandi","tag-sampiyonlugu"],"jetpack_publicize_connections":[],"jetpack_featured_media_url":"","jetpack_sharing_enabled":true,"jetpack_shortlink":"https:\/\/wp.me\/paKIfm-ICb","_links":{"self":[{"href":"http:\/\/www.tvturk.com\/index.php\/wp-json\/wp\/v2\/posts\/171503","targetHints":{"allow":["GET"]}}],"collection":[{"href":"http:\/\/www.tvturk.com\/index.php\/wp-json\/wp\/v2\/posts"}],"about":[{"href":"http:\/\/www.tvturk.com\/index.php\/wp-json\/wp\/v2\/types\/post"}],"author":[{"embeddable":true,"href":"http:\/\/www.tvturk.com\/index.php\/wp-json\/wp\/v2\/users\/1"}],"replies":[{"embeddable":true,"href":"http:\/\/www.tvturk.com\/index.php\/wp-json\/wp\/v2\/comments?post=171503"}],"version-history":[{"count":0,"href":"http:\/\/www.tvturk.com\/index.php\/wp-json\/wp\/v2\/posts\/171503\/revisions"}],"wp:attachment":[{"href":"http:\/\/www.tvturk.com\/index.php\/wp-json\/wp\/v2\/media?parent=171503"}],"wp:term":[{"taxonomy":"category","embeddable":true,"href":"http:\/\/www.tvturk.com\/index.php\/wp-json\/wp\/v2\/categories?post=171503"},{"taxonomy":"post_tag","embeddable":true,"href":"http:\/\/www.tvturk.com\/index.php\/wp-json\/wp\/v2\/tags?post=171503"}],"curies":[{"name":"wp","href":"https:\/\/api.w.org\/{rel}","templated":true}]}}