{"id":171513,"date":"2019-06-20T01:16:10","date_gmt":"2019-06-19T22:16:10","guid":{"rendered":"http:\/\/www.tvturk.com\/index.php\/afyonkarahisarda-asiri-yagis-nedeniyle-evleri-su-basti\/"},"modified":"2019-06-20T01:16:10","modified_gmt":"2019-06-19T22:16:10","slug":"afyonkarahisarda-asiri-yagis-nedeniyle-evleri-su-basti","status":"publish","type":"post","link":"http:\/\/www.tvturk.com\/index.php\/afyonkarahisarda-asiri-yagis-nedeniyle-evleri-su-basti\/","title":{"rendered":"Afyonkarahisar\u2019da a\u015f\u0131r\u0131 ya\u011f\u0131\u015f nedeniyle evleri su bast\u0131"},"content":{"rendered":"<p>Afyonkarahisar\u2019da ak\u015fam saatlerinde ba\u015flayan ve gece ge\u00e7 saatlere kadar devam eden \u015fiddetli ya\u011f\u0131\u015f nedeniyle bir\u00e7ok ev ve i\u015f yerini su bast\u0131.<\/p>\n<p>Meteorolojinin g\u00fcnler \u00f6ncesinden duyurdu\u011fu \u015fiddetli ya\u011f\u0131\u015f Afyonkarahisar\u2019da ak\u015fam saatlerinde ba\u015flad\u0131. \u015eiddetli ya\u011f\u0131\u015f ve f\u0131rt\u0131na nedeniyle Afyonkarahisar\u2019\u0131n \u00e7e\u015fitli mahallelerinde bir\u00e7ok ev ve i\u015f yerini su bast\u0131. Caddelerde yar\u0131m metreyi bulan su birikintileri nedeniyle de ara\u00e7lar ilerlemekte g\u00fc\u00e7l\u00fck \u00e7ekti.<\/p>\n<p>\u00d6te yandan ya\u011f\u0131\u015f\u0131n ba\u015flad\u0131\u011f\u0131 andan itibaren seferber olan Afyonkarahisar Belediyesi ekipleri gece ge\u00e7 saatlere kadar su basan evlerde biriken sular\u0131 tahliye etti. Belediye Ba\u015fkan\u0131 Mehmet Zeybek\u2019de su basan evleri ziyaret ederek hem ge\u00e7mi\u015f olsun dileklerinde bulundu hem de ekiplerin \u00e7al\u0131\u015fmalar\u0131n\u0131 yerinde inceledi.<\/p>\n","protected":false},"excerpt":{"rendered":"<p>AFYONKARAH\u0130SAR\u2019DA AK\u015eAM SAATLER\u0130NDE BA\u015eLAYAN VE GECE GE\u00c7 SAATLERE KADAR DEVAM EDEN \u015e\u0130DDETL\u0130 YA\u011eI\u015e NEDEN\u0130YLE B\u0130R\u00c7OK EV VE \u0130\u015eYER\u0130N\u0130 SU BASTI.<\/p>\n","protected":false},"author":1,"featured_media":0,"comment_status":"closed","ping_status":"open","sticky":false,"template":"","format":"standard","meta":{"jetpack_post_was_ever_published":false,"_jetpack_newsletter_access":"","_jetpack_dont_email_post_to_subs":false,"_jetpack_newsletter_tier_id":0,"_jetpack_memberships_contains_paywalled_content":false,"_jetpack_memberships_contains_paid_content":false,"footnotes":"","jetpack_publicize_message":"","jetpack_publicize_feature_enabled":true,"jetpack_social_post_already_shared":true,"jetpack_social_options":{"image_generator_settings":{"template":"highway","default_image_id":0,"font":"","enabled":false},"version":2}},"categories":[1],"tags":[894,1402,8277,6595,413,1577],"class_list":["post-171513","post","type-post","status-publish","format-standard","hentry","category-genel","tag-afyonkarahisarda","tag-asiri","tag-basti","tag-evleri","tag-nedeniyle","tag-yagis"],"jetpack_publicize_connections":[],"jetpack_featured_media_url":"","jetpack_sharing_enabled":true,"jetpack_shortlink":"https:\/\/wp.me\/paKIfm-ICl","_links":{"self":[{"href":"http:\/\/www.tvturk.com\/index.php\/wp-json\/wp\/v2\/posts\/171513","targetHints":{"allow":["GET"]}}],"collection":[{"href":"http:\/\/www.tvturk.com\/index.php\/wp-json\/wp\/v2\/posts"}],"about":[{"href":"http:\/\/www.tvturk.com\/index.php\/wp-json\/wp\/v2\/types\/post"}],"author":[{"embeddable":true,"href":"http:\/\/www.tvturk.com\/index.php\/wp-json\/wp\/v2\/users\/1"}],"replies":[{"embeddable":true,"href":"http:\/\/www.tvturk.com\/index.php\/wp-json\/wp\/v2\/comments?post=171513"}],"version-history":[{"count":0,"href":"http:\/\/www.tvturk.com\/index.php\/wp-json\/wp\/v2\/posts\/171513\/revisions"}],"wp:attachment":[{"href":"http:\/\/www.tvturk.com\/index.php\/wp-json\/wp\/v2\/media?parent=171513"}],"wp:term":[{"taxonomy":"category","embeddable":true,"href":"http:\/\/www.tvturk.com\/index.php\/wp-json\/wp\/v2\/categories?post=171513"},{"taxonomy":"post_tag","embeddable":true,"href":"http:\/\/www.tvturk.com\/index.php\/wp-json\/wp\/v2\/tags?post=171513"}],"curies":[{"name":"wp","href":"https:\/\/api.w.org\/{rel}","templated":true}]}}