{"id":171553,"date":"2019-06-20T10:16:35","date_gmt":"2019-06-20T07:16:35","guid":{"rendered":"http:\/\/www.tvturk.com\/index.php\/jandarma-genel-komutani-arif-cetin-balikesirde\/"},"modified":"2019-06-20T10:16:35","modified_gmt":"2019-06-20T07:16:35","slug":"jandarma-genel-komutani-arif-cetin-balikesirde","status":"publish","type":"post","link":"http:\/\/www.tvturk.com\/index.php\/jandarma-genel-komutani-arif-cetin-balikesirde\/","title":{"rendered":"Jandarma Genel Komutan\u0131 Arif \u00c7etin Bal\u0131kesir\u2019de"},"content":{"rendered":"<p>Jandarma Genel Komutanl\u0131\u011f\u0131na ba\u011fl\u0131 birliklere denetlemede bulunmak \u00fczere Bal\u0131kesir\u2019e gelen Jandarma Genel Komutan\u0131 Orgeneral Arif \u00c7etin, Vali Ersin Yaz\u0131c\u0131\u2019y\u0131 makam\u0131nda ziyaret etti. Vilayet ziyaretinde Vali Ersin Yaz\u0131c\u0131 taraf\u0131ndan kar\u015f\u0131lanan Orgeneral \u00c7etin, valilik \u015feref defterini imzalad\u0131ktan sonra beraberindeki komutanlarla birlikte makama ge\u00e7ti.<\/p>\n<p>Orgeneral \u00c7etin: &#8220;Ziyarette bulunmaktan b\u00fcy\u00fck onur duydum&#8221;<\/p>\n<p>Bal\u0131kesir\u2019de bulunmaktan b\u00fcy\u00fck onur duydu\u011funu ifade eden Jandarma Genel Komutan\u0131 Orgeneral Arif \u00c7etin, &#8220;Birliklerimizi ziyarete, denetlemeye geldik. Jandarmam\u0131z\u0131n, vatanda\u015f\u0131m\u0131z\u0131n huzur ve g\u00fcvenli\u011fini sa\u011flamaya y\u00f6nelik zat\u0131\u00e2linizin liderli\u011finde, emir ve komutas\u0131nda personelimizin varsa ihtiya\u00e7lar\u0131n\u0131 yerinde g\u00f6rmek, vatanda\u015f\u0131m\u0131za daha iyi hizmet nas\u0131l yapabiliriz, onun aray\u0131\u015f\u0131 i\u00e7erisindeyiz. Bal\u0131kesir\u2019e gelmekten onur ve gurur duyuyorum. Bal\u0131kesir\u2019e geldi\u011fimiz i\u00e7in huzurlu hissediyoruz kendimizi. Jandarmam\u0131z halk\u0131m\u0131z\u0131n emrindedir. Halk\u0131m\u0131z\u0131n huzuru i\u00e7in elimizden gelen b\u00fct\u00fcn imkanlar\u0131 kullanaca\u011f\u0131z&#8221; dedi.<\/p>\n<p>Orgeneral \u00c7etin\u2019i ilde ve Valilikte a\u011f\u0131rlamaktan memnuniyet duydu\u011funu belirten Vali Yaz\u0131c\u0131 ise, komutan\u0131n nezdinde t\u00fcm Mehmet\u00e7iklere g\u00f6revlerinde \u00fcst\u00fcn ba\u015far\u0131lar dilediklerini de ifade etti. Vali Ersin Yaz\u0131c\u0131 g\u00fcn\u00fcn an\u0131s\u0131na konu\u011funa kitap seti hediye etti.<\/p>\n<p>Ziyaret s\u0131ras\u0131nda Orgeneral \u00c7etin\u2019e; Garnizon ve 9. Ana Jet \u00dcs Komutan\u0131 Hava Pilot Tu\u011fgeneral Kemal Turan, \u0130l Emniyet M\u00fcd\u00fcr\u00fc Cengiz Zeybek, \u0130l Jandarma Komutan\u0131 Jandarma K\u0131demli Albay Murat K\u0131nay e\u015flik etti.<\/p>\n","protected":false},"excerpt":{"rendered":"<p>JANDARMA GENEL KOMUTANI AR\u0130F \u00c7ET\u0130N BALIKES\u0130R&#8217;DE VAL\u0130 ERS\u0130N YAZICI&#8217;YI MAKAMINDA Z\u0130YARET ETT\u0130.<\/p>\n","protected":false},"author":1,"featured_media":0,"comment_status":"closed","ping_status":"open","sticky":false,"template":"","format":"standard","meta":{"jetpack_post_was_ever_published":false,"_jetpack_newsletter_access":"","_jetpack_dont_email_post_to_subs":false,"_jetpack_newsletter_tier_id":0,"_jetpack_memberships_contains_paywalled_content":false,"_jetpack_memberships_contains_paid_content":false,"footnotes":"","jetpack_publicize_message":"","jetpack_publicize_feature_enabled":true,"jetpack_social_post_already_shared":true,"jetpack_social_options":{"image_generator_settings":{"template":"highway","default_image_id":0,"font":"","enabled":false},"version":2}},"categories":[1],"tags":[11090,1113,9555,869,942,943],"class_list":["post-171553","post","type-post","status-publish","format-standard","hentry","category-genel","tag-arif","tag-balikesirde","tag-cetin","tag-genel","tag-jandarma","tag-komutani"],"jetpack_publicize_connections":[],"jetpack_featured_media_url":"","jetpack_sharing_enabled":true,"jetpack_shortlink":"https:\/\/wp.me\/paKIfm-ICZ","_links":{"self":[{"href":"http:\/\/www.tvturk.com\/index.php\/wp-json\/wp\/v2\/posts\/171553","targetHints":{"allow":["GET"]}}],"collection":[{"href":"http:\/\/www.tvturk.com\/index.php\/wp-json\/wp\/v2\/posts"}],"about":[{"href":"http:\/\/www.tvturk.com\/index.php\/wp-json\/wp\/v2\/types\/post"}],"author":[{"embeddable":true,"href":"http:\/\/www.tvturk.com\/index.php\/wp-json\/wp\/v2\/users\/1"}],"replies":[{"embeddable":true,"href":"http:\/\/www.tvturk.com\/index.php\/wp-json\/wp\/v2\/comments?post=171553"}],"version-history":[{"count":0,"href":"http:\/\/www.tvturk.com\/index.php\/wp-json\/wp\/v2\/posts\/171553\/revisions"}],"wp:attachment":[{"href":"http:\/\/www.tvturk.com\/index.php\/wp-json\/wp\/v2\/media?parent=171553"}],"wp:term":[{"taxonomy":"category","embeddable":true,"href":"http:\/\/www.tvturk.com\/index.php\/wp-json\/wp\/v2\/categories?post=171553"},{"taxonomy":"post_tag","embeddable":true,"href":"http:\/\/www.tvturk.com\/index.php\/wp-json\/wp\/v2\/tags?post=171553"}],"curies":[{"name":"wp","href":"https:\/\/api.w.org\/{rel}","templated":true}]}}