{"id":171559,"date":"2019-06-20T10:16:58","date_gmt":"2019-06-20T07:16:58","guid":{"rendered":"http:\/\/www.tvturk.com\/index.php\/yakin-dogu-universitesi-saglik-bilimleri-fakultesi-mezunlarini-verdi\/"},"modified":"2019-06-20T10:16:58","modified_gmt":"2019-06-20T07:16:58","slug":"yakin-dogu-universitesi-saglik-bilimleri-fakultesi-mezunlarini-verdi","status":"publish","type":"post","link":"http:\/\/www.tvturk.com\/index.php\/yakin-dogu-universitesi-saglik-bilimleri-fakultesi-mezunlarini-verdi\/","title":{"rendered":"Yak\u0131n Do\u011fu \u00dcniversitesi Sa\u011fl\u0131k Bilimleri Fak\u00fcltesi mezunlar\u0131n\u0131 verdi"},"content":{"rendered":"<p>Yak\u0131n Do\u011fu \u00dcniversitesi Sa\u011fl\u0131k Bilimleri Fak\u00fcltesi 2018-2019 E\u011fitim-\u00d6\u011fretim y\u0131l\u0131 Bahar d\u00f6nemi mezunlar\u0131 yo\u011fun bir kat\u0131l\u0131mla ger\u00e7ekle\u015fen t\u00f6rende diplomalar\u0131n\u0131 ald\u0131.<\/p>\n<p>Atat\u00fcrk K\u00fclt\u00fcr ve Kongre Merkezi\u2019nde, KKTC Ekonomi ve Enerji Bakan\u0131 Hasan Ta\u00e7oy, Rekt\u00f6r Yard\u0131mc\u0131s\u0131 Prof. Dr. Tamer \u015eanl\u0131da\u011f, Sa\u011fl\u0131k Bilimleri Fak\u00fcltesi Kurucu Dekan\u0131 Prof. Dr. Sevin\u00e7 Y\u00fccecan, Girne \u00dcniversitesi Hastanesi Ba\u015fhekimi Prof. Dr. Nail Bulakba\u015f\u0131, b\u00f6l\u00fcm ba\u015fkanlar\u0131,  \u00f6\u011fretim \u00fcyeleri, \u00f6\u011frenciler ve ailelerin kat\u0131l\u0131m\u0131 ile ger\u00e7ekle\u015fti.<\/p>\n<p>Prof. Dr. Y\u00fccecan, \u201cMezun olan \u00f6\u011frencilerimiz \u201cher ad\u0131mda bir ba\u015far\u0131\u201d ilkesini benimsemi\u015f, \u00f6z\u00fcmsemi\u015f, \u00f6d\u00fcllere doymayan, y\u00fcksek d\u00fczeyde e\u011fitim olanaklar\u0131 ve yetkin \u00f6\u011fretim kadrosuyla uluslararas\u0131 bir kimlikte etkinlik g\u00f6steren K\u0131br\u0131s\u2019\u0131n en b\u00fcy\u00fck e\u011fitim, ara\u015ft\u0131rma ve k\u00fclt\u00fcr merkezi olan \u00dcniversitemizde mezun olman\u0131n ayr\u0131cal\u0131\u011f\u0131n\u0131 ya\u015f\u0131yorlar\u201d dedi.<\/p>\n<p>\u201c\u00d6nemli olan yap\u0131lan hatalardan tecr\u00fcbe kazanmakt\u0131r\u201d<\/p>\n<p>Mezun \u00f6\u011frencilere de seslenen Prof. Dr. Sevin\u00e7 Y\u00fccecan, \u201cTecr\u00fcbe adeta alt\u0131n bilezik gibidir. Her ba\u015far\u0131s\u0131z deneme sizi yepyeni g\u00f6r\u00fc\u015fler, yeni vizyonlar, kendinizde geli\u015ftirmeniz gereken y\u00f6nlere farkl\u0131 bak\u0131\u015f a\u00e7\u0131lar\u0131 getirir. G\u00fcc\u00fcn\u00fcze inan\u0131n. G\u00fcc\u00fcn\u00fcze inan\u0131rsan\u0131z er ya da ge\u00e7 kendinizi istedi\u011finiz yerde bulursunuz. Unutmay\u0131n ki b\u00fcy\u00fck i\u015fler ba\u015farman\u0131n tek yolu yapt\u0131\u011f\u0131n\u0131z i\u015fi sevmekten ge\u00e7er\u201d \u015feklinde konu\u015ftu.<\/p>\n<p>Prof. Dr. \u015eanl\u0131da\u011f: \u201c\u00d6\u011frencilerin mesleki geli\u015fimleri i\u00e7in do\u011fru bir yol ve hedef \u00e7izdik\u201d<\/p>\n<p>Rekt\u00f6r Yard\u0131mc\u0131s\u0131 Prof. Dr. Tamer \u015eanl\u0131da\u011f ailelere seslenerek, t\u00fcm bu s\u00fcre\u00e7 i\u00e7erisinde bizlere g\u00fcvenerek, b\u00fcy\u00fck \u00f6zveri ve \u00f6zlemle g\u00f6nderdi\u011finiz \u00e7ocuklar\u0131n\u0131zdan ayr\u0131 kald\u0131n\u0131z, maddi ve manevi olarak onlar\u0131 desteklediniz. Bizler de onlar\u0131 iyi birer sa\u011fl\u0131k \u00e7al\u0131\u015fan\u0131 olarak yeti\u015ftirebilmek i\u00e7in, onlara sa\u011flam mesleki bir temel verdik, bilgilerini deneyimle peki\u015ftirmelerini sa\u011flad\u0131k ve bundan sonraki mesleki geli\u015fimleri i\u00e7in de do\u011fru bir yol ve hedef \u00e7izdik. Umar\u0131m bu hedef onlara ya\u015famlar\u0131 boyunca yol g\u00f6sterir, sizleri ve bizleri onurland\u0131racak birer birey olmalar\u0131n\u0131 sa\u011flar\u201d dedi.<\/p>\n<p>Bakan Ta\u00e7oy; \u201cBu K\u00fc\u00e7\u00fcc\u00fck Ada, Akdeniz\u2019in Ortas\u0131nda D\u00fcnyadaki En G\u00fcvenilir \u00dclkelerden Biridir\u201d<\/p>\n<p>Ekonomi ve Enerji Bakan\u0131 Hasan Ta\u00e7oy ise t\u00f6rende yapt\u0131\u011f\u0131 konu\u015fmas\u0131nda, ailelere \u00e7ocuklar\u0131n\u0131n k\u00fc\u00e7\u00fck bir adada \u00e7\u0131km\u0131\u015f olduklar\u0131 yolculukta g\u00fcvenilir bir ortam i\u00e7erisinde birer mezun olarak teslim edildi\u011fini s\u00f6yledi.<\/p>\n<p>Sevgili gen\u00e7ler sizin ger\u00e7ek m\u00fccadeleniz bug\u00fcnden itibaren ba\u015fl\u0131yor diyen Bakan Ta\u00e7oy, \u201cBug\u00fcne kadar olmas\u0131 gereken, yeti\u015fmesi gereken, yo\u011frulmas\u0131 gereken bir zamandayd\u0131n\u0131z. Bir noktaya gelmi\u015f ve kendi kararlar\u0131n\u0131z\u0131 art\u0131k kendiniz almak suretiyle hayat\u0131n\u0131za ve yolunuza devam edeceksiniz\u201d ifadelerini kulland\u0131.<\/p>\n<p>\u201cT\u00fcm hocalar\u0131m\u0131za te\u015fekk\u00fcr ederiz\u201d<\/p>\n<p>Sa\u011fl\u0131k Bilimleri Fak\u00fcltesi mezunlar\u0131 ad\u0131na konu\u015fma yapmak i\u00e7in b\u00f6l\u00fcm birincileri Dilara Sarp ve Rabia B\u00fc\u015fra I\u015f\u0131l da ortak bir konu\u015fma ger\u00e7ekle\u015ftirdiler.<\/p>\n<p>Dilara Sarp ve Rabia B\u00fc\u015fra I\u015f\u0131l \u2018\u2019Fak\u00fcltemizin 2019 mezunu dinamik, \u00e7al\u0131\u015fkan ve hepsi birbirinden de\u011ferli arkada\u015flar\u0131m\u0131z\u0131 temsilen bu konu\u015fmay\u0131 yapman\u0131n onurunu ya\u015f\u0131yoruz. Hepimiz Yak\u0131n Do\u011fu \u00dcniversitesine farkl\u0131 \u015fehirlerden farkl\u0131 hayaller ve duygularla geldik. Bu hayallerimizi ger\u00e7ekle\u015ftirmek ad\u0131na, gelece\u011fimizi daha \u00f6zg\u00fcr ve k\u0131s\u0131tlamalar\u0131n olmad\u0131\u011f\u0131 akademik bir ortamda \u015fekillendirebilme ve bu s\u00fcre\u00e7 i\u00e7erisinde bizleri topluma katk\u0131 sa\u011flayacak misyonu ve vizyonu i\u00e7eren bir k\u00fclt\u00fcr\u00fc benimseme f\u0131rsat\u0131 bulduk. Bilgileri ve donan\u0131mlar\u0131n\u0131 bize aktaran, desteklerini esirgemeyen ve i\u00e7imizdeki cevherin ortaya \u00e7\u0131kmas\u0131na vesilen olan t\u00fcm hocalar\u0131m\u0131za te\u015fekk\u00fcr ederiz ve sizlerin \u00f6\u011fretti\u011fi yolda insan sa\u011fl\u0131\u011f\u0131n\u0131 dikkate alaca\u011f\u0131m\u0131za t\u00fcm arkada\u015flar\u0131m\u0131 ad\u0131na s\u00f6z veriyoruz.<\/p>\n<p>Diplomalar verilerek kepler f\u0131rlat\u0131ld\u0131<\/p>\n<p>Konu\u015fmalar\u0131n ard\u0131ndan t\u00f6rende, dereceye giren mezunlara madalyalar\u0131 ve diplomalar\u0131 Rekt\u00f6r Yard\u0131mc\u0131s\u0131 Prof. Dr. Tamer \u015eanl\u0131da\u011f ve Sa\u011fl\u0131k Bilimleri Fak\u00fcltesi Kurucu Dekan\u0131 Prof. Dr. Sevin\u00e7 Y\u00fccecan taraf\u0131ndan takdim edildi. Daha sonra b\u00f6l\u00fcm ba\u015fkanlar\u0131 ve \u00f6\u011fretim \u00fcyeleri taraf\u0131ndan \u00f6\u011frencilere diplomalar\u0131 verildi.  T\u00f6ren, Sa\u011fl\u0131k Bilimleri Fak\u00fcltesi Kurucu Dekan\u0131 Prof. Dr. Sevin\u00e7 Y\u00fccecan ile mezun \u00f6\u011frenciler mezuniyet and\u0131 i\u00e7erek keplerini havaya f\u0131rlatmalar\u0131n\u0131n ard\u0131ndan sona erdi.<\/p>\n","protected":false},"excerpt":{"rendered":"<p>YAKIN DO\u011eU \u00dcN\u0130VERS\u0130TES\u0130 SA\u011eLIK B\u0130L\u0130MLER\u0130 FAK\u00dcLTES\u0130 2018-2019 E\u011e\u0130T\u0130M-\u00d6\u011eRET\u0130M YILI BAHAR D\u00d6NEM\u0130 MEZUNLARI YO\u011eUN B\u0130R KATILIMLA GER\u00c7EKLE\u015eEN T\u00d6RENDE D\u0130PLOMALARINI ALDI.<\/p>\n","protected":false},"author":1,"featured_media":0,"comment_status":"closed","ping_status":"open","sticky":false,"template":"","format":"standard","meta":{"jetpack_post_was_ever_published":false,"_jetpack_newsletter_access":"","_jetpack_dont_email_post_to_subs":false,"_jetpack_newsletter_tier_id":0,"_jetpack_memberships_contains_paywalled_content":false,"_jetpack_memberships_contains_paid_content":false,"footnotes":"","jetpack_publicize_message":"","jetpack_publicize_feature_enabled":true,"jetpack_social_post_already_shared":true,"jetpack_social_options":{"image_generator_settings":{"template":"highway","default_image_id":0,"font":"","enabled":false},"version":2}},"categories":[1],"tags":[3389,2476,644,15364,734,382,386,4961],"class_list":["post-171559","post","type-post","status-publish","format-standard","hentry","category-genel","tag-bilimleri","tag-dogu","tag-fakultesi","tag-mezunlarini","tag-saglik","tag-universitesi","tag-verdi","tag-yakin"],"jetpack_publicize_connections":[],"jetpack_featured_media_url":"","jetpack_sharing_enabled":true,"jetpack_shortlink":"https:\/\/wp.me\/paKIfm-ID5","_links":{"self":[{"href":"http:\/\/www.tvturk.com\/index.php\/wp-json\/wp\/v2\/posts\/171559","targetHints":{"allow":["GET"]}}],"collection":[{"href":"http:\/\/www.tvturk.com\/index.php\/wp-json\/wp\/v2\/posts"}],"about":[{"href":"http:\/\/www.tvturk.com\/index.php\/wp-json\/wp\/v2\/types\/post"}],"author":[{"embeddable":true,"href":"http:\/\/www.tvturk.com\/index.php\/wp-json\/wp\/v2\/users\/1"}],"replies":[{"embeddable":true,"href":"http:\/\/www.tvturk.com\/index.php\/wp-json\/wp\/v2\/comments?post=171559"}],"version-history":[{"count":0,"href":"http:\/\/www.tvturk.com\/index.php\/wp-json\/wp\/v2\/posts\/171559\/revisions"}],"wp:attachment":[{"href":"http:\/\/www.tvturk.com\/index.php\/wp-json\/wp\/v2\/media?parent=171559"}],"wp:term":[{"taxonomy":"category","embeddable":true,"href":"http:\/\/www.tvturk.com\/index.php\/wp-json\/wp\/v2\/categories?post=171559"},{"taxonomy":"post_tag","embeddable":true,"href":"http:\/\/www.tvturk.com\/index.php\/wp-json\/wp\/v2\/tags?post=171559"}],"curies":[{"name":"wp","href":"https:\/\/api.w.org\/{rel}","templated":true}]}}