{"id":171575,"date":"2019-06-20T10:46:37","date_gmt":"2019-06-20T07:46:37","guid":{"rendered":"http:\/\/www.tvturk.com\/index.php\/altindagda-topyekun-denetim\/"},"modified":"2019-06-20T10:46:37","modified_gmt":"2019-06-20T07:46:37","slug":"altindagda-topyekun-denetim","status":"publish","type":"post","link":"http:\/\/www.tvturk.com\/index.php\/altindagda-topyekun-denetim\/","title":{"rendered":"Alt\u0131nda\u011f\u2019da topyek\u00fcn denetim"},"content":{"rendered":"<p>Alt\u0131nda\u011f Belediyesi, Alt\u0131nda\u011f \u0130l\u00e7e Emniyet M\u00fcd\u00fcrl\u00fc\u011f\u00fc ekipleriyle birlikte il\u00e7e genelinde i\u015fletmelere y\u00f6nelik denetim yapt\u0131.<\/p>\n<p>Alt\u0131nda\u011f Belediyesi ve Alt\u0131nda\u011f \u0130l\u00e7e Emniyet M\u00fcd\u00fcrl\u00fc\u011f\u00fc ekipleri, il\u00e7e genelinde Dar Alan Asayi\u015f Uygulamas\u0131 ger\u00e7ekle\u015ftirdi. \u00c7ok say\u0131da emniyet mensubunun kat\u0131ld\u0131\u011f\u0131 uygulamada Alt\u0131nda\u011f Belediyesi zab\u0131tas\u0131 da Tar\u0131m ve Orman M\u00fcd\u00fcrl\u00fc\u011f\u00fc G\u0131da Kontrol ekipleriyle birlikte i\u015fletmelere y\u00f6nelik denetim yapt\u0131. \u0130\u015fletmelerin evraklar\u0131n\u0131 kontrol eden ekipler, sat\u0131lan \u00fcr\u00fcnlerin son kullanma tarihlerini titiz bir \u015fekilde inceledi. Ekipler, tarihi ge\u00e7mi\u015f ve a\u00e7\u0131kta sat\u0131lan \u00fcr\u00fcnlere ise el koyarak imha etti. Alt\u0131nda\u011f Belediyesi\u2019nin, Alt\u0131nda\u011f \u0130l\u00e7e Emniyet M\u00fcd\u00fcrl\u00fc\u011f\u00fc ile il\u00e7e genelindeki koordineli \u00e7al\u0131\u015fmas\u0131 devam edecek.<\/p>\n<p>Denetimler s\u00fcrecek<\/p>\n<p>Yap\u0131lan denetimler hakk\u0131nda bilgi veren Alt\u0131nda\u011f Belediye Ba\u015fkan\u0131 Do\u00e7. Dr. As\u0131m Balc\u0131, \u201cEmniyet birimleriyle koordineli bir \u015fekilde \u00e7al\u0131\u015farak Dar Alan Uygulamas\u0131\u2019na kat\u0131ld\u0131k. Alt\u0131nda\u011f genelinde \u00e7al\u0131\u015fmalar\u0131m\u0131z devam ediyor. Kay\u0131t d\u0131\u015f\u0131 \u00e7al\u0131\u015farak halk sa\u011fl\u0131\u011f\u0131n\u0131 tehlikeye atan \u00fcr\u00fcn ve i\u015fletmelere ge\u00e7it vermeyece\u011fiz. Halk\u0131m\u0131z\u0131n sa\u011fl\u0131\u011f\u0131n\u0131 korumak i\u00e7in g\u00f6rev ba\u015f\u0131nday\u0131z.  \u00d6nemli olan halk\u0131m\u0131z\u0131n huzur ve mutluluk i\u00e7erisinde Alt\u0131nda\u011f\u2019da ya\u015famas\u0131 Bunun i\u00e7in Alt\u0131nda\u011f Belediyesi olarak devletimizin t\u00fcm kurum ve kurulu\u015flar\u0131 ile koordineli bir \u015fekilde \u00e7al\u0131\u015farak il\u00e7emizdeki vatanda\u015flar\u0131m\u0131z\u0131n yan\u0131nda olaca\u011f\u0131z. Bu t\u00fcr uygulamalar s\u0131k s\u0131k yap\u0131lacak\u201d dedi.<\/p>\n","protected":false},"excerpt":{"rendered":"<p>ALTINDA\u011e BELED\u0130YES\u0130, ALTINDA\u011e \u0130L\u00c7E EMN\u0130YET M\u00dcD\u00dcRL\u00dc\u011e\u00dc EK\u0130PLER\u0130YLE B\u0130RL\u0130KTE \u0130L\u00c7E GENEL\u0130NDE \u0130\u015eLETMELERE Y\u00d6NEL\u0130K DENET\u0130M YAPTI.<\/p>\n","protected":false},"author":1,"featured_media":0,"comment_status":"closed","ping_status":"open","sticky":false,"template":"","format":"standard","meta":{"jetpack_post_was_ever_published":false,"_jetpack_newsletter_access":"","_jetpack_dont_email_post_to_subs":false,"_jetpack_newsletter_tier_id":0,"_jetpack_memberships_contains_paywalled_content":false,"_jetpack_memberships_contains_paid_content":false,"footnotes":"","jetpack_publicize_message":"","jetpack_publicize_feature_enabled":true,"jetpack_social_post_already_shared":true,"jetpack_social_options":{"image_generator_settings":{"template":"highway","default_image_id":0,"font":"","enabled":false},"version":2}},"categories":[1],"tags":[41421,6015,11859],"class_list":["post-171575","post","type-post","status-publish","format-standard","hentry","category-genel","tag-altindagda","tag-denetim","tag-topyekun"],"jetpack_publicize_connections":[],"jetpack_featured_media_url":"","jetpack_sharing_enabled":true,"jetpack_shortlink":"https:\/\/wp.me\/paKIfm-IDl","_links":{"self":[{"href":"http:\/\/www.tvturk.com\/index.php\/wp-json\/wp\/v2\/posts\/171575","targetHints":{"allow":["GET"]}}],"collection":[{"href":"http:\/\/www.tvturk.com\/index.php\/wp-json\/wp\/v2\/posts"}],"about":[{"href":"http:\/\/www.tvturk.com\/index.php\/wp-json\/wp\/v2\/types\/post"}],"author":[{"embeddable":true,"href":"http:\/\/www.tvturk.com\/index.php\/wp-json\/wp\/v2\/users\/1"}],"replies":[{"embeddable":true,"href":"http:\/\/www.tvturk.com\/index.php\/wp-json\/wp\/v2\/comments?post=171575"}],"version-history":[{"count":0,"href":"http:\/\/www.tvturk.com\/index.php\/wp-json\/wp\/v2\/posts\/171575\/revisions"}],"wp:attachment":[{"href":"http:\/\/www.tvturk.com\/index.php\/wp-json\/wp\/v2\/media?parent=171575"}],"wp:term":[{"taxonomy":"category","embeddable":true,"href":"http:\/\/www.tvturk.com\/index.php\/wp-json\/wp\/v2\/categories?post=171575"},{"taxonomy":"post_tag","embeddable":true,"href":"http:\/\/www.tvturk.com\/index.php\/wp-json\/wp\/v2\/tags?post=171575"}],"curies":[{"name":"wp","href":"https:\/\/api.w.org\/{rel}","templated":true}]}}