{"id":171597,"date":"2019-06-20T11:02:08","date_gmt":"2019-06-20T08:02:08","guid":{"rendered":"http:\/\/www.tvturk.com\/index.php\/ferasin-yaylasi-dogaseverleri-bekliyor\/"},"modified":"2019-06-20T11:02:08","modified_gmt":"2019-06-20T08:02:08","slug":"ferasin-yaylasi-dogaseverleri-bekliyor","status":"publish","type":"post","link":"http:\/\/www.tvturk.com\/index.php\/ferasin-yaylasi-dogaseverleri-bekliyor\/","title":{"rendered":"Fera\u015fin yaylas\u0131 do\u011faseverleri bekliyor"},"content":{"rendered":"<p>\u015e\u0131rnak\u2019\u0131n Beyt\u00fc\u015f\u015febap il\u00e7esinde bulunan Fera\u015fin yaylas\u0131, kartpostall\u0131k g\u00f6r\u00fcnt\u00fcleri ile do\u011faseverleri a\u011f\u0131rlamay\u0131 bekliyor.<\/p>\n<p>Beyt\u00fc\u015f\u015febap\u2019a 35 kilometre uzakl\u0131ktaki Fara\u015fin Yaylas\u0131, Hakkari, Van ve \u015e\u0131rnak illerinin kesi\u015fti\u011fi noktada bulunuyor. \u00dclke ekonomisine hayvanc\u0131l\u0131k alan\u0131nda b\u00fcy\u00fck bir katk\u0131 sunan yayla, ayn\u0131 zamanda muhte\u015fem havas\u0131 ve suyuyla g\u00f6z kama\u015ft\u0131r\u0131yor. Bitki floras\u0131 olduk\u00e7a geni\u015f olan yaylada binlerce \u00e7e\u015fit \u00e7i\u00e7ek t\u00fcr\u00fc bulunuyor. Karlar\u0131n yava\u015f yava\u015f erimesi ile kartpostall\u0131k g\u00f6r\u00fcnt\u00fclerin olu\u015ftu\u011fu yaylada binlerce k\u00fc\u00e7\u00fckba\u015f hayvan ve bal ar\u0131lar\u0131 i\u00e7in geni\u015f \u00f6nemli bir alan olu\u015fturuyor. Muhte\u015fem g\u00f6r\u00fcnt\u00fcs\u00fcyle cennetten bir k\u00f6\u015feyi and\u0131ran yayla, do\u011faseverleri a\u011f\u0131rlamay\u0131 bekliyor.<\/p>\n","protected":false},"excerpt":{"rendered":"<p>\u015eIRNAK\u2019IN BEYT\u00dc\u015e\u015eEBAP \u0130L\u00c7ES\u0130NDE BULUNAN EN B\u00dcY\u00dcK Y\u00dcZ \u00d6L\u00c7\u00dcM\u00dcNE SAH\u0130P FERA\u015e\u0130N YAYLASI DO\u011eA HAR\u0130KASI OLU\u015eTURUYOR. MUHTE\u015eEM DO\u011eASI, HAVASI VE SUYUYLA DO\u011eA  SEVERLER\u0130 A\u011eIRLAMAYI BEKL\u0130YOR.<\/p>\n","protected":false},"author":1,"featured_media":0,"comment_status":"closed","ping_status":"open","sticky":false,"template":"","format":"standard","meta":{"jetpack_post_was_ever_published":false,"_jetpack_newsletter_access":"","_jetpack_dont_email_post_to_subs":false,"_jetpack_newsletter_tier_id":0,"_jetpack_memberships_contains_paywalled_content":false,"_jetpack_memberships_contains_paid_content":false,"footnotes":"","jetpack_publicize_message":"","jetpack_publicize_feature_enabled":true,"jetpack_social_post_already_shared":true,"jetpack_social_options":{"image_generator_settings":{"template":"highway","default_image_id":0,"font":"","enabled":false},"version":2}},"categories":[1],"tags":[4378,14997,39890,39934],"class_list":["post-171597","post","type-post","status-publish","format-standard","hentry","category-genel","tag-bekliyor","tag-dogaseverleri","tag-ferasin","tag-yaylasi"],"jetpack_publicize_connections":[],"jetpack_featured_media_url":"","jetpack_sharing_enabled":true,"jetpack_shortlink":"https:\/\/wp.me\/paKIfm-IDH","_links":{"self":[{"href":"http:\/\/www.tvturk.com\/index.php\/wp-json\/wp\/v2\/posts\/171597","targetHints":{"allow":["GET"]}}],"collection":[{"href":"http:\/\/www.tvturk.com\/index.php\/wp-json\/wp\/v2\/posts"}],"about":[{"href":"http:\/\/www.tvturk.com\/index.php\/wp-json\/wp\/v2\/types\/post"}],"author":[{"embeddable":true,"href":"http:\/\/www.tvturk.com\/index.php\/wp-json\/wp\/v2\/users\/1"}],"replies":[{"embeddable":true,"href":"http:\/\/www.tvturk.com\/index.php\/wp-json\/wp\/v2\/comments?post=171597"}],"version-history":[{"count":0,"href":"http:\/\/www.tvturk.com\/index.php\/wp-json\/wp\/v2\/posts\/171597\/revisions"}],"wp:attachment":[{"href":"http:\/\/www.tvturk.com\/index.php\/wp-json\/wp\/v2\/media?parent=171597"}],"wp:term":[{"taxonomy":"category","embeddable":true,"href":"http:\/\/www.tvturk.com\/index.php\/wp-json\/wp\/v2\/categories?post=171597"},{"taxonomy":"post_tag","embeddable":true,"href":"http:\/\/www.tvturk.com\/index.php\/wp-json\/wp\/v2\/tags?post=171597"}],"curies":[{"name":"wp","href":"https:\/\/api.w.org\/{rel}","templated":true}]}}