{"id":171613,"date":"2019-06-20T11:16:53","date_gmt":"2019-06-20T08:16:53","guid":{"rendered":"http:\/\/www.tvturk.com\/index.php\/cami-kubbesinde-bacagindan-sikisan-leylegi-itfaiye-kurtardi\/"},"modified":"2019-06-20T11:16:53","modified_gmt":"2019-06-20T08:16:53","slug":"cami-kubbesinde-bacagindan-sikisan-leylegi-itfaiye-kurtardi","status":"publish","type":"post","link":"http:\/\/www.tvturk.com\/index.php\/cami-kubbesinde-bacagindan-sikisan-leylegi-itfaiye-kurtardi\/","title":{"rendered":"Cami kubbesinde baca\u011f\u0131ndan s\u0131k\u0131\u015fan leyle\u011fi itfaiye kurtard\u0131"},"content":{"rendered":"<p>Denizli\u2019de camideki yuvas\u0131ndan d\u00fc\u015ferek kubbe sac\u0131 aras\u0131nda baca\u011f\u0131ndan as\u0131l\u0131 bir \u015fekilde mahsur kalan leyle\u011fi itfaiye ekipleri kurtard\u0131.<\/p>\n<p>Olay, Sarayk\u00f6y il\u00e7esi Hask\u00f6y Mahallesi\u2019nde meydana geldi. Mahalledeki camide bir leyle\u011fin kubbede as\u0131l\u0131 kald\u0131\u011f\u0131n\u0131 g\u00f6ren vatanda\u015flar durumu 112 Acil \u00c7a\u011fr\u0131 merkezine bildirerek yard\u0131m istedi. \u0130hbar \u00fczerine b\u00f6lgeye Denizli B\u00fcy\u00fck\u015fehir \u0130tfaiye Daire Ba\u015fkanl\u0131\u011f\u0131na ekipler sevk edildi. Olay yerine gelen ekipler itfaiye merdiveni ile kubbeye \u00e7\u0131karak baca\u011f\u0131ndan kubbe saclar\u0131 aras\u0131na s\u0131k\u0131\u015fan leyle\u011fi kurtararak a\u015fa\u011f\u0131 indirdi. Yaral\u0131 olmad\u0131\u011f\u0131 g\u00f6zlenen leylek ard\u0131ndan do\u011faya sal\u0131nd\u0131.<\/p>\n","protected":false},"excerpt":{"rendered":"<p>DEN\u0130ZL\u0130\u2019DE CAM\u0130DEK\u0130 YUVASINDAN D\u00dc\u015eEREK KUBBE SACI ARASINDA BACA\u011eINDAN ASILI B\u0130R \u015eEK\u0130LDE MAHSUR KALAN LEYLE\u011e\u0130 \u0130TFA\u0130YE EK\u0130PLER\u0130 KURTARDI.<\/p>\n","protected":false},"author":1,"featured_media":0,"comment_status":"closed","ping_status":"open","sticky":false,"template":"","format":"standard","meta":{"jetpack_post_was_ever_published":false,"_jetpack_newsletter_access":"","_jetpack_dont_email_post_to_subs":false,"_jetpack_newsletter_tier_id":0,"_jetpack_memberships_contains_paywalled_content":false,"_jetpack_memberships_contains_paid_content":false,"footnotes":"","jetpack_publicize_message":"","jetpack_publicize_feature_enabled":true,"jetpack_social_post_already_shared":true,"jetpack_social_options":{"image_generator_settings":{"template":"highway","default_image_id":0,"font":"","enabled":false},"version":2}},"categories":[1],"tags":[15842,3655,764,41433,477,41434,2322],"class_list":["post-171613","post","type-post","status-publish","format-standard","hentry","category-genel","tag-bacagindan","tag-cami","tag-itfaiye","tag-kubbesinde","tag-kurtardi","tag-leylegi","tag-sikisan"],"jetpack_publicize_connections":[],"jetpack_featured_media_url":"","jetpack_sharing_enabled":true,"jetpack_shortlink":"https:\/\/wp.me\/paKIfm-IDX","_links":{"self":[{"href":"http:\/\/www.tvturk.com\/index.php\/wp-json\/wp\/v2\/posts\/171613","targetHints":{"allow":["GET"]}}],"collection":[{"href":"http:\/\/www.tvturk.com\/index.php\/wp-json\/wp\/v2\/posts"}],"about":[{"href":"http:\/\/www.tvturk.com\/index.php\/wp-json\/wp\/v2\/types\/post"}],"author":[{"embeddable":true,"href":"http:\/\/www.tvturk.com\/index.php\/wp-json\/wp\/v2\/users\/1"}],"replies":[{"embeddable":true,"href":"http:\/\/www.tvturk.com\/index.php\/wp-json\/wp\/v2\/comments?post=171613"}],"version-history":[{"count":0,"href":"http:\/\/www.tvturk.com\/index.php\/wp-json\/wp\/v2\/posts\/171613\/revisions"}],"wp:attachment":[{"href":"http:\/\/www.tvturk.com\/index.php\/wp-json\/wp\/v2\/media?parent=171613"}],"wp:term":[{"taxonomy":"category","embeddable":true,"href":"http:\/\/www.tvturk.com\/index.php\/wp-json\/wp\/v2\/categories?post=171613"},{"taxonomy":"post_tag","embeddable":true,"href":"http:\/\/www.tvturk.com\/index.php\/wp-json\/wp\/v2\/tags?post=171613"}],"curies":[{"name":"wp","href":"https:\/\/api.w.org\/{rel}","templated":true}]}}