{"id":171642,"date":"2019-06-20T11:32:45","date_gmt":"2019-06-20T08:32:45","guid":{"rendered":"http:\/\/www.tvturk.com\/index.php\/genclerbirligi-hafta-ici-anlastiklarini-duyurdugu-teknik-direktor-mustafa-kaplan-ile-1-yillik-sozlesme-imzaladi\/"},"modified":"2019-06-20T11:32:45","modified_gmt":"2019-06-20T08:32:45","slug":"genclerbirligi-hafta-ici-anlastiklarini-duyurdugu-teknik-direktor-mustafa-kaplan-ile-1-yillik-sozlesme-imzaladi","status":"publish","type":"post","link":"http:\/\/www.tvturk.com\/index.php\/genclerbirligi-hafta-ici-anlastiklarini-duyurdugu-teknik-direktor-mustafa-kaplan-ile-1-yillik-sozlesme-imzaladi\/","title":{"rendered":"Gen\u00e7lerbirli\u011fi, hafta i\u00e7i anla\u015ft\u0131klar\u0131n\u0131 duyurdu\u011fu Teknik Direkt\u00f6r Mustafa Kaplan ile 1 y\u0131ll\u0131k s\u00f6zle\u015fme imzalad\u0131."},"content":{"rendered":"<p>Gen\u00e7lerbirli\u011fi, hafta i\u00e7i anla\u015ft\u0131klar\u0131n\u0131 duyurdu\u011fu Teknik Direkt\u00f6r Mustafa Kaplan ile 1 y\u0131ll\u0131k s\u00f6zle\u015fme imzalad\u0131.<\/p>\n","protected":false},"excerpt":{"rendered":"<p>GEN\u00c7LERB\u0130RL\u0130\u011e\u0130, HAFTA \u0130\u00c7\u0130 ANLA\u015eTIKLARINI DUYURDU\u011eU TEKN\u0130K D\u0130REKT\u00d6R MUSTAFA KAPLAN \u0130LE 1 YILLIK S\u00d6ZLE\u015eME \u0130MZALADI.<\/p>\n","protected":false},"author":1,"featured_media":0,"comment_status":"closed","ping_status":"open","sticky":false,"template":"","format":"standard","meta":{"jetpack_post_was_ever_published":false,"_jetpack_newsletter_access":"","_jetpack_dont_email_post_to_subs":false,"_jetpack_newsletter_tier_id":0,"_jetpack_memberships_contains_paywalled_content":false,"_jetpack_memberships_contains_paid_content":false,"footnotes":"","jetpack_publicize_message":"","jetpack_publicize_feature_enabled":true,"jetpack_social_post_already_shared":true,"jetpack_social_options":{"image_generator_settings":{"template":"highway","default_image_id":0,"font":"","enabled":false},"version":2}},"categories":[657],"tags":[41445,2083,41446,7850,1178,2759,192,2317,7105,159,4475,2082,710],"class_list":["post-171642","post","type-post","status-publish","format-standard","hentry","category-spor","tag-anlastiklarini","tag-direktor","tag-duyurdugu","tag-genclerbirligi","tag-hafta","tag-ici","tag-ile","tag-imzaladi","tag-kaplan","tag-mustafa","tag-sozlesme","tag-teknik","tag-yillik"],"jetpack_publicize_connections":[],"jetpack_featured_media_url":"","jetpack_sharing_enabled":true,"jetpack_shortlink":"https:\/\/wp.me\/paKIfm-IEq","_links":{"self":[{"href":"http:\/\/www.tvturk.com\/index.php\/wp-json\/wp\/v2\/posts\/171642","targetHints":{"allow":["GET"]}}],"collection":[{"href":"http:\/\/www.tvturk.com\/index.php\/wp-json\/wp\/v2\/posts"}],"about":[{"href":"http:\/\/www.tvturk.com\/index.php\/wp-json\/wp\/v2\/types\/post"}],"author":[{"embeddable":true,"href":"http:\/\/www.tvturk.com\/index.php\/wp-json\/wp\/v2\/users\/1"}],"replies":[{"embeddable":true,"href":"http:\/\/www.tvturk.com\/index.php\/wp-json\/wp\/v2\/comments?post=171642"}],"version-history":[{"count":0,"href":"http:\/\/www.tvturk.com\/index.php\/wp-json\/wp\/v2\/posts\/171642\/revisions"}],"wp:attachment":[{"href":"http:\/\/www.tvturk.com\/index.php\/wp-json\/wp\/v2\/media?parent=171642"}],"wp:term":[{"taxonomy":"category","embeddable":true,"href":"http:\/\/www.tvturk.com\/index.php\/wp-json\/wp\/v2\/categories?post=171642"},{"taxonomy":"post_tag","embeddable":true,"href":"http:\/\/www.tvturk.com\/index.php\/wp-json\/wp\/v2\/tags?post=171642"}],"curies":[{"name":"wp","href":"https:\/\/api.w.org\/{rel}","templated":true}]}}