{"id":171652,"date":"2019-06-20T11:46:42","date_gmt":"2019-06-20T08:46:42","guid":{"rendered":"http:\/\/www.tvturk.com\/index.php\/ibrahim-tatlisesten-binali-yildirima-destek-cagrisi\/"},"modified":"2019-06-20T11:46:42","modified_gmt":"2019-06-20T08:46:42","slug":"ibrahim-tatlisesten-binali-yildirima-destek-cagrisi","status":"publish","type":"post","link":"http:\/\/www.tvturk.com\/index.php\/ibrahim-tatlisesten-binali-yildirima-destek-cagrisi\/","title":{"rendered":"\u0130brahim Tatl\u0131ses\u2019ten Binali Y\u0131ld\u0131r\u0131m\u2019a destek \u00e7a\u011fr\u0131s\u0131"},"content":{"rendered":"<p>\u0130stanbul\u2019da siyaset ve i\u015f d\u00fcnyas\u0131n\u0131n \u00f6nemli isimleri, \u00fcnl\u00fc sanat\u00e7\u0131 \u0130brahim Tatl\u0131ses ve o\u011flu Ahmet Tatl\u0131ses\u2019in ev sahipli\u011findeki  &#8220;23 Haziran se\u00e7imlerinde AK Parti\u2019ye destek\u2019\u2019 toplant\u0131s\u0131nda bulu\u015ftu.<\/p>\n<p>\u0130\u015f ve siyaset d\u00fcnyas\u0131n\u0131n tan\u0131nm\u0131\u015f simalar\u0131 Tatl\u0131ses Kebap Seyrantepe\u2019de bir araya geldi. \u00dcnl\u00fc sanat\u00e7\u0131 \u0130brahim Tatl\u0131ses ve o\u011flu Ahmet Tatl\u0131ses\u2019in ev sahipli\u011finde ger\u00e7ekle\u015fen ak\u015fam yeme\u011finde g\u00fcndem \u0130stanbul se\u00e7imleri oldu.<\/p>\n<p>Ka\u011f\u0131thane M\u00fcft\u00fc Yard\u0131mc\u0131s\u0131 Mele \u0130mran\u2019\u0131n duas\u0131yla ba\u015flayan yeme\u011fe; \u015eanl\u0131urfa B\u00fcy\u00fck\u015fehir Belediye Ba\u015fkan\u0131 Zeynel Abidin Beyazg\u00fcl, Ka\u011f\u0131thane Belediye Ba\u015fkan\u0131 Mevl\u00fct \u00d6ztekin, Hazine ve Maliye Bakan Yard\u0131mc\u0131s\u0131 Nurettin Nebati, AK Parti \u015eanl\u0131urfa \u0130l Ba\u015fkan\u0131 Bahattin Y\u0131ld\u0131z, AK Parti MKYK \u00fcyesi Vildan Polat, Haliliye Belediye Ba\u015fkan\u0131 Mehmet Canpolat, Viran\u015fehir Belediye Ba\u015fkan\u0131 Salih Ekinci, AK Parti Haliliye \u0130l\u00e7e Ba\u015fkan\u0131 S\u00fcleyman Aksu, AK Parti 26. D\u00f6nem \u015eanl\u0131urfa Milletvekili Kemalettin Y\u0131lmaztekin, Karak\u00f6pr\u00fc Belediye Ba\u015fkan\u0131 Metin Baydilli ve i\u015f adamlar\u0131 kat\u0131ld\u0131.<\/p>\n<p>\u015eanl\u0131urfa B\u00fcy\u00fck\u015fehir Belediye Ba\u015fkan\u0131 Zeynel Abidin Beyazg\u00fcl, burada bir konu\u015fma yapt\u0131. \u015eanl\u0131urfal\u0131 hem\u015fehrilerini bulu\u015fturdu\u011fu i\u00e7in toplant\u0131y\u0131 organize eden Ahmet Tatl\u0131ses\u2019e te\u015fekk\u00fcr eden Beyazg\u00fcl, &#8220;Sa\u011f olsun Ahmet bey her bir Urfal\u0131y\u0131 arad\u0131 ayr\u0131 ayr\u0131 davet etti. Burada \u0130mparatordan bahsetmemek olmaz. \u015eanl\u0131urfa\u2019m\u0131z\u0131n tan\u0131t\u0131m\u0131na \u00e7ok \u00f6nemli katk\u0131larda bulunmu\u015f, \u00e7ok de\u011ferli bir isimdir kendisi. Y\u0131llar \u00f6nce \u2019Aya\u011f\u0131nda kundura\u2019 dedi ve o g\u00fcn bug\u00fcnd\u00fcr o ses durmad\u0131\u2019\u2019 dedi.<\/p>\n<p>\u00dcnl\u00fc sanat\u00e7\u0131 \u0130brahim Tatl\u0131ses ise t\u00fcm konuklar\u0131na kat\u0131l\u0131mlar\u0131ndan dolay\u0131 te\u015fekk\u00fcr etti.<\/p>\n<p>Tatl\u0131ses konu\u015fmas\u0131nda, &#8220;Urfal\u0131 ci\u011ferci Ahmet\u2019nin o\u011fluyum \u00f6tesi yok. Memleketim i\u00e7in \u00f6l\u00fcr\u00fcm, Tayyip Erdo\u011fan i\u00e7in \u00f6l\u00fcr\u00fcm. O\u011fluma bu organizasyonu yapt\u0131\u011f\u0131 i\u00e7in te\u015fekk\u00fcr ediyorum. Bana g\u00f6re \u0130stanbul sadece \u0130stanbul de\u011fil, d\u00fcnyan\u0131n ba\u015fkentidir. Gelin \u0130stanbul\u2019a k\u00f6t\u00fc g\u00f6zle bakan herkesin g\u00f6z\u00fcn\u00fc k\u00f6r edelim. Bu se\u00e7imde deste\u011fimizi ba\u015fkan Say\u0131n Recep Tayyip Erdo\u011fan\u2019\u0131n partisi ve aday\u0131ndan yana kullanal\u0131m\u2019\u2019 ifadelerine yer verdi.<\/p>\n","protected":false},"excerpt":{"rendered":"<p>\u0130STANBUL\u2019DA S\u0130YASET VE \u0130\u015e D\u00dcNYASININ \u00d6NEML\u0130 \u0130S\u0130MLER\u0130, \u00dcNL\u00dc SANAT\u00c7I \u0130BRAH\u0130M TATLISES\u2019\u0130N EV SAH\u0130PL\u0130\u011e\u0130NDEK\u0130  &#8220;23 HAZ\u0130RAN SE\u00c7\u0130MLER\u0130NDE AK PART\u0130\u2019YE DESTEK\u2019\u2019 TOPLANTISINDA BULU\u015eTU.<\/p>\n","protected":false},"author":1,"featured_media":0,"comment_status":"closed","ping_status":"open","sticky":false,"template":"","format":"standard","meta":{"jetpack_post_was_ever_published":false,"_jetpack_newsletter_access":"","_jetpack_dont_email_post_to_subs":false,"_jetpack_newsletter_tier_id":0,"_jetpack_memberships_contains_paywalled_content":false,"_jetpack_memberships_contains_paid_content":false,"footnotes":"","jetpack_publicize_message":"","jetpack_publicize_feature_enabled":true,"jetpack_social_post_already_shared":true,"jetpack_social_options":{"image_generator_settings":{"template":"highway","default_image_id":0,"font":"","enabled":false},"version":2}},"categories":[1],"tags":[3333,5140,61,602,22891,9846],"class_list":["post-171652","post","type-post","status-publish","format-standard","hentry","category-genel","tag-binali","tag-cagrisi","tag-destek","tag-ibrahim","tag-tatlisesten","tag-yildirima"],"jetpack_publicize_connections":[],"jetpack_featured_media_url":"","jetpack_sharing_enabled":true,"jetpack_shortlink":"https:\/\/wp.me\/paKIfm-IEA","_links":{"self":[{"href":"http:\/\/www.tvturk.com\/index.php\/wp-json\/wp\/v2\/posts\/171652","targetHints":{"allow":["GET"]}}],"collection":[{"href":"http:\/\/www.tvturk.com\/index.php\/wp-json\/wp\/v2\/posts"}],"about":[{"href":"http:\/\/www.tvturk.com\/index.php\/wp-json\/wp\/v2\/types\/post"}],"author":[{"embeddable":true,"href":"http:\/\/www.tvturk.com\/index.php\/wp-json\/wp\/v2\/users\/1"}],"replies":[{"embeddable":true,"href":"http:\/\/www.tvturk.com\/index.php\/wp-json\/wp\/v2\/comments?post=171652"}],"version-history":[{"count":0,"href":"http:\/\/www.tvturk.com\/index.php\/wp-json\/wp\/v2\/posts\/171652\/revisions"}],"wp:attachment":[{"href":"http:\/\/www.tvturk.com\/index.php\/wp-json\/wp\/v2\/media?parent=171652"}],"wp:term":[{"taxonomy":"category","embeddable":true,"href":"http:\/\/www.tvturk.com\/index.php\/wp-json\/wp\/v2\/categories?post=171652"},{"taxonomy":"post_tag","embeddable":true,"href":"http:\/\/www.tvturk.com\/index.php\/wp-json\/wp\/v2\/tags?post=171652"}],"curies":[{"name":"wp","href":"https:\/\/api.w.org\/{rel}","templated":true}]}}