{"id":171700,"date":"2019-06-20T12:17:50","date_gmt":"2019-06-20T09:17:50","guid":{"rendered":"http:\/\/www.tvturk.com\/index.php\/ogrenciler-butun-senenin-stresini-atti\/"},"modified":"2019-06-20T12:17:50","modified_gmt":"2019-06-20T09:17:50","slug":"ogrenciler-butun-senenin-stresini-atti","status":"publish","type":"post","link":"http:\/\/www.tvturk.com\/index.php\/ogrenciler-butun-senenin-stresini-atti\/","title":{"rendered":"\u00d6\u011frenciler b\u00fct\u00fcn senenin stresini att\u0131"},"content":{"rendered":"<p>Ba\u015far\u0131l\u0131 e\u011fitim d\u00f6nemini geride b\u0131rakan \u00f6\u011frenciler, d\u00fczenlenen gecede stres att\u0131.<\/p>\n<p>Nova Fen ve Anadolu Lisesi, 2018-2019 e\u011fitim \u00f6\u011fretim y\u0131l\u0131n\u0131 ba\u015far\u0131yla tamamlaman\u0131n mutlulu\u011funu ya\u015fad\u0131. D\u00fczenlenen gecede bir araya gelen \u00f6\u011frenciler, t\u00fcm senenin stresini atma f\u0131rsat\u0131 buldu. \u00dcniversite \u00f6\u011frencisi olma heyecan\u0131 ya\u015fayan gen\u00e7ler, bol bol hat\u0131ra foto\u011fraf\u0131 \u00e7ekinmeyi de ihmal etmedi.<\/p>\n<p>\u00c7ocuklar\u0131 4 y\u0131l boyunca hayata haz\u0131rlad\u0131klar\u0131n\u0131 belirten Nova Okullar\u0131 Kurucusu Canan Topsakal, \u201c\u00d6\u011frencilerimizin hepsi, T\u00fcrkiye\u2019nin gelece\u011fine katk\u0131da bulunacak g\u00f6revlerde yer alacaklard\u0131r. Hepsi bu g\u00f6revi lay\u0131k\u0131yla yerine getirebilecek kapasitede yeti\u015ftirildiler. \u00dcniversite s\u0131navlar\u0131n\u0131 ba\u015far\u0131yla tamamlad\u0131lar. Daha \u00f6nemlisi hayatta her t\u00fcrl\u00fc g\u00fc\u00e7l\u00fc\u011f\u00fcn \u00fcstesinden gelebilecek kapasiteye ula\u015ft\u0131lar. \u00d6\u011frencilerimizi 9 ve 10\u2019uncu s\u0131n\u0131flarda akademik e\u011fitimin yan\u0131 s\u0131ra ki\u015fisel e\u011fitim, sosyal beceri ve toplum i\u00e7in faydal\u0131 i\u015fler yapacak \u00e7al\u0131\u015fmalarla haz\u0131rl\u0131yoruz. 11 ve 12\u2019nci s\u0131n\u0131fa geldi\u011fimizde ise T\u00fcrkiye\u2019de \u00fcniversite s\u0131nav\u0131 ger\u00e7e\u011fi ile kar\u015f\u0131la\u015f\u0131yorlar. Bu ger\u00e7ek do\u011frultusunda \u00f6\u011frencilerimizi akademik \u00e7al\u0131\u015fmalara y\u00f6nlendiriyoruz. Okulumuzu bitirdiklerinde iyi bir dil e\u011fitimi alm\u0131\u015f, laboratuvarda ortak \u00e7al\u0131\u015fmalara imza atm\u0131\u015f ve kimlikli ki\u015filer olarak onlar\u0131 topluma u\u011furlaman\u0131n gururunu ya\u015f\u0131yoruz\u201d dedi.<\/p>\n<p>Mezun olman\u0131n keyfinin ya\u015fayan \u00f6\u011frenciler ise, \u201cSon senemizde \u00e7ok yorucuydu. Baz\u0131 zamanlar pes ettik. Ancak arkada\u015flar\u0131m\u0131z\u0131n ve \u00f6\u011fretmenlerimizin deste\u011fi ile bunun \u00fcstesinden gelmeyi ba\u015fard\u0131k. Ba\u015far\u0131l\u0131 bir lise d\u00f6nemini geride b\u0131rakt\u0131k. Art\u0131k \u00f6n\u00fcm\u00fczde daha uzun bir s\u00fcre\u00e7 var\u201d diye konu\u015ftu.<\/p>\n","protected":false},"excerpt":{"rendered":"<p>BA\u015eARILI E\u011e\u0130T\u0130M D\u00d6NEM\u0130N\u0130 GER\u0130DE BIRAKAN \u00d6\u011eRENC\u0130LER, D\u00dcZENLENEN GECEDE STRES ATTI.<\/p>\n","protected":false},"author":1,"featured_media":0,"comment_status":"closed","ping_status":"open","sticky":false,"template":"","format":"standard","meta":{"jetpack_post_was_ever_published":false,"_jetpack_newsletter_access":"","_jetpack_dont_email_post_to_subs":false,"_jetpack_newsletter_tier_id":0,"_jetpack_memberships_contains_paywalled_content":false,"_jetpack_memberships_contains_paid_content":false,"footnotes":"","jetpack_publicize_message":"","jetpack_publicize_feature_enabled":true,"jetpack_social_post_already_shared":true,"jetpack_social_options":{"image_generator_settings":{"template":"highway","default_image_id":0,"font":"","enabled":false},"version":2}},"categories":[1],"tags":[18385,2875,1866,1293,39586],"class_list":["post-171700","post","type-post","status-publish","format-standard","hentry","category-genel","tag-senenin","tag-atti","tag-butun","tag-ogrenciler","tag-stresini"],"jetpack_publicize_connections":[],"jetpack_featured_media_url":"","jetpack_sharing_enabled":true,"jetpack_shortlink":"https:\/\/wp.me\/paKIfm-IFm","_links":{"self":[{"href":"http:\/\/www.tvturk.com\/index.php\/wp-json\/wp\/v2\/posts\/171700","targetHints":{"allow":["GET"]}}],"collection":[{"href":"http:\/\/www.tvturk.com\/index.php\/wp-json\/wp\/v2\/posts"}],"about":[{"href":"http:\/\/www.tvturk.com\/index.php\/wp-json\/wp\/v2\/types\/post"}],"author":[{"embeddable":true,"href":"http:\/\/www.tvturk.com\/index.php\/wp-json\/wp\/v2\/users\/1"}],"replies":[{"embeddable":true,"href":"http:\/\/www.tvturk.com\/index.php\/wp-json\/wp\/v2\/comments?post=171700"}],"version-history":[{"count":0,"href":"http:\/\/www.tvturk.com\/index.php\/wp-json\/wp\/v2\/posts\/171700\/revisions"}],"wp:attachment":[{"href":"http:\/\/www.tvturk.com\/index.php\/wp-json\/wp\/v2\/media?parent=171700"}],"wp:term":[{"taxonomy":"category","embeddable":true,"href":"http:\/\/www.tvturk.com\/index.php\/wp-json\/wp\/v2\/categories?post=171700"},{"taxonomy":"post_tag","embeddable":true,"href":"http:\/\/www.tvturk.com\/index.php\/wp-json\/wp\/v2\/tags?post=171700"}],"curies":[{"name":"wp","href":"https:\/\/api.w.org\/{rel}","templated":true}]}}