{"id":171704,"date":"2019-06-20T12:31:48","date_gmt":"2019-06-20T09:31:48","guid":{"rendered":"http:\/\/www.tvturk.com\/index.php\/tum-tibbi-cihazlarin-ham-maddesinin-turkiyede-uretilmesi-icin-harekete-gecildi\/"},"modified":"2019-06-20T12:31:48","modified_gmt":"2019-06-20T09:31:48","slug":"tum-tibbi-cihazlarin-ham-maddesinin-turkiyede-uretilmesi-icin-harekete-gecildi","status":"publish","type":"post","link":"http:\/\/www.tvturk.com\/index.php\/tum-tibbi-cihazlarin-ham-maddesinin-turkiyede-uretilmesi-icin-harekete-gecildi\/","title":{"rendered":"T\u00fcm t\u0131bbi cihazlar\u0131n ham maddesinin T\u00fcrkiye\u2019de \u00fcretilmesi i\u00e7in harekete ge\u00e7ildi"},"content":{"rendered":"<p>T\u00fcm t\u0131bbi cihazlar\u0131n ham maddesinin T\u00fcrkiye\u2019de \u00fcretilmesi i\u00e7in harekete ge\u00e7ildi. Ankara\u2019da 29 Haziran\u2019da yap\u0131lacak &#8220;Yerli ve Milli T\u0131bbi Cihaz Strateji Toplant\u0131s\u0131&#8221;nda T\u00fcrkiye\u2019nin milli t\u0131bbi cihaz \u00fcretiminde yapt\u0131\u011f\u0131 son Ar-Ge \u00e7al\u0131\u015fmalar\u0131 ba\u015fta olmak \u00fczere genel sa\u011fl\u0131k sigortas\u0131, sa\u011fl\u0131k \u00fcr\u00fcnleri ihracat art\u0131\u015f\u0131 gibi sa\u011fl\u0131kta \u00f6ne \u00e7\u0131kan konu ba\u015fl\u0131klar\u0131 geni\u015f bir kat\u0131l\u0131mla ele al\u0131nacak.<\/p>\n<p>\u00dclke \u00e7ap\u0131nda t\u00fcm yerli ve milli t\u0131bbi cihaz sanayiinin alan\u0131nda ve konusunda uzmanlar\u0131 ile sa\u011fl\u0131k sekt\u00f6r\u00fcn\u00fcn t\u0131bbi cihaz alan\u0131ndaki payda\u015flar\u0131n\u0131n bir araya gelece\u011fi &#8220;Yerli ve Milli T\u0131bbi Cihaz Strateji Toplant\u0131s\u0131&#8221;nda  sekt\u00f6r\u00fcn stratejisi ve Ar-Ge faaliyetleri de\u011ferlendirilecek. RD Global Genel Merkez\u2019de yap\u0131lacak toplant\u0131ya 81 ilden sa\u011fl\u0131k profesyonelleri ve uzmanlardan olu\u015fan geni\u015f bir heyet kat\u0131lacak. T\u00fcrkiye\u2019de \u00fcretilmeye ba\u015flanan yeni t\u0131bbi cihazlar, yenilik\u00e7i fikirlerin tart\u0131\u015f\u0131laca\u011f\u0131 toplant\u0131da 81 ilden gelen heyet, gelecek d\u00f6nemlerde \u00fcretilebilecek t\u0131bbi cihazlar\u0131n hangi tarzda ve ne \u015fekilde yenilik\u00e7i olabilece\u011fini, tamamen yerli ve milli, geli\u015fime a\u00e7\u0131k bir bi\u00e7imde \u00fcretilip ileri teknolojiler ile geli\u015ftirilebilece\u011fini de de\u011ferlendirecek ve karara ba\u011flayacak.<\/p>\n<p>T\u00fcm t\u0131bbi cihazlar\u0131n ham maddesi T\u00fcrkiye\u2019de \u00fcretilecek<\/p>\n<p>Kat\u0131l\u0131mc\u0131 heyet ve sekt\u00f6r\u00fcn di\u011fer profesyonelleri ile birlikte bir \u00e7al\u0131\u015ftay d\u00fczenlenerek, T\u00fcrkiye\u2019de \u00fcretilen ve \u00fcretilmesi planlanan t\u0131bbi cihazlar i\u00e7in ihtiya\u00e7 duyulan ham madde ve di\u011fer malzeme ve ihtiya\u00e7lar\u0131n\u0131n tedariki, devlet ile \u00fcreticiler aras\u0131ndaki i\u015fbirli\u011fi ve destek programlar\u0131n\u0131n geli\u015ftirilmesi, \u00fcr\u00fcn tedarik zincirinin olu\u015fturulmas\u0131 ve faaliyette olan kamu hastanelerinin ihtiya\u00e7lar\u0131n\u0131n kar\u015f\u0131lanmas\u0131 ile ilgili izlenecek stratejiler belirlenecek. T\u0131bbi cihaz piyasas\u0131n\u0131n nabz\u0131 yoklanacak ve sa\u011fl\u0131k payda\u015flar\u0131 ile birlikte yol haritas\u0131 belirlenecek.<\/p>\n<p>Genel sa\u011fl\u0131k sigortas\u0131n\u0131n geri \u00f6deme ve e\u015fle\u015ftirme politikalar\u0131 ele al\u0131n\u0131yor<\/p>\n<p>Sa\u011fl\u0131k Federasyonu Ba\u015fkan\u0131 Ra\u015fit Din\u00e7, t\u0131bbi cihaz ve ila\u00e7 \u00fcretim uygulamalar\u0131 e\u011fitimlerinin h\u0131zla devam etti\u011fini belirterek, &#8220;Bu toplant\u0131da yerli \u00fcretim kaynaklar\u0131m\u0131z\u0131n stratejisini ihracat programlar\u0131 d\u0131\u015f\u0131nda Sosyal G\u00fcvenlik Kurumu Genel Sa\u011fl\u0131k Sigortas\u0131 Genel M\u00fcd\u00fcrl\u00fc\u011f\u00fcn\u00fcn geri \u00f6deme ve \u00f6zellikle e\u015fle\u015ftirme politikalar\u0131 de\u011ferlendirilecektir&#8221; dedi.<\/p>\n<p>\u00dcr\u00fcn a\u011fa\u00e7lar\u0131n\u0131n ve kodlar\u0131n\u0131n ara\u015ft\u0131r\u0131laca\u011f\u0131 toplant\u0131da yerli \u00fcretim istikrar\u0131 ile ilgili konular\u0131n de\u011ferlendirilece\u011fini, \u00fclkemizde yeni geli\u015ftirilen t\u0131bbi cihazlar\u0131n lansmanlar\u0131n\u0131n da yap\u0131laca\u011f\u0131n\u0131 vurgulayan Din\u00e7, program sonras\u0131nda sonu\u00e7 belgesi raporu olu\u015fturulaca\u011f\u0131n\u0131n alt\u0131n\u0131 \u00e7izdi. Din\u00e7 s\u00f6zlerine \u015f\u00f6yle son verdi:<\/p>\n<p>&#8220;Toplant\u0131 boyunca 81 ilden gelen heyete \u00e7e\u015fitli t\u0131bbi cihazlar\u0131n \u00fcretim sahalar\u0131 organizasyonlar ile tan\u0131t\u0131lacak. 2019-2020 hedefleri dahil olmak \u00fczere Cumhurba\u015fkanl\u0131\u011f\u0131m\u0131z\u0131n himayesinde Sa\u011fl\u0131k Bakanl\u0131\u011f\u0131n\u0131n ve Sosyal G\u00fcvenlik Kurumunun takip etti\u011fi 2023 y\u0131l\u0131 vizyonu do\u011frultusunda y\u00fcr\u00fct\u00fclebilecek uygulamalar ayr\u0131ca belirlenip tart\u0131\u015f\u0131lacak. T\u00fcrkiye\u2019de t\u0131bbi cihaz alan\u0131nda faaliyet g\u00f6steren t\u00fcm uzman ekip bu programda bir araya gelecek.&#8221;<\/p>\n","protected":false},"excerpt":{"rendered":"<p>SA\u011eLIK FEDERASYONU BA\u015eKANI RA\u015e\u0130T D\u0130N\u00c7, TIBB\u0130 C\u0130HAZ VE \u0130LA\u00c7 \u00dcRET\u0130M UYGULAMALARI E\u011e\u0130T\u0130MLER\u0130N\u0130N HIZLA DEVAM ETT\u0130\u011e\u0130N\u0130 BEL\u0130RTEREK, &#8220;BU TOPLANTI DA  YERL\u0130 \u00dcRET\u0130M KAYNAKLARIMIZIN STRATEJ\u0130S\u0130N\u0130 \u0130HRACAT PROGRAMLARI DI\u015eINDA, SOSYAL G\u00dcVENL\u0130K KURUMU GENEL SA\u011eLIK S\u0130GORTASI GENEL M\u00dcD\u00dcRL\u00dc\u011e\u00dcN\u00dcN GER\u0130 \u00d6DEME VE \u00d6ZELL\u0130KLE E\u015eLE\u015eT\u0130RME POL\u0130T\u0130KALARI DE\u011eERLEND\u0130R\u0130LECEKT\u0130R&#8221; DED\u0130.<\/p>\n","protected":false},"author":1,"featured_media":0,"comment_status":"closed","ping_status":"open","sticky":false,"template":"","format":"standard","meta":{"jetpack_post_was_ever_published":false,"_jetpack_newsletter_access":"","_jetpack_dont_email_post_to_subs":false,"_jetpack_newsletter_tier_id":0,"_jetpack_memberships_contains_paywalled_content":false,"_jetpack_memberships_contains_paid_content":false,"footnotes":"","jetpack_publicize_message":"","jetpack_publicize_feature_enabled":true,"jetpack_social_post_already_shared":true,"jetpack_social_options":{"image_generator_settings":{"template":"highway","default_image_id":0,"font":"","enabled":false},"version":2}},"categories":[1],"tags":[41475,31137,38395,4482,44,26011,3711,1325,2383,25706],"class_list":["post-171704","post","type-post","status-publish","format-standard","hentry","category-genel","tag-cihazlarin","tag-gecildi","tag-ham","tag-harekete","tag-icin","tag-maddesinin","tag-tibbi","tag-tum","tag-turkiyede","tag-uretilmesi"],"jetpack_publicize_connections":[],"jetpack_featured_media_url":"","jetpack_sharing_enabled":true,"jetpack_shortlink":"https:\/\/wp.me\/paKIfm-IFq","_links":{"self":[{"href":"http:\/\/www.tvturk.com\/index.php\/wp-json\/wp\/v2\/posts\/171704","targetHints":{"allow":["GET"]}}],"collection":[{"href":"http:\/\/www.tvturk.com\/index.php\/wp-json\/wp\/v2\/posts"}],"about":[{"href":"http:\/\/www.tvturk.com\/index.php\/wp-json\/wp\/v2\/types\/post"}],"author":[{"embeddable":true,"href":"http:\/\/www.tvturk.com\/index.php\/wp-json\/wp\/v2\/users\/1"}],"replies":[{"embeddable":true,"href":"http:\/\/www.tvturk.com\/index.php\/wp-json\/wp\/v2\/comments?post=171704"}],"version-history":[{"count":0,"href":"http:\/\/www.tvturk.com\/index.php\/wp-json\/wp\/v2\/posts\/171704\/revisions"}],"wp:attachment":[{"href":"http:\/\/www.tvturk.com\/index.php\/wp-json\/wp\/v2\/media?parent=171704"}],"wp:term":[{"taxonomy":"category","embeddable":true,"href":"http:\/\/www.tvturk.com\/index.php\/wp-json\/wp\/v2\/categories?post=171704"},{"taxonomy":"post_tag","embeddable":true,"href":"http:\/\/www.tvturk.com\/index.php\/wp-json\/wp\/v2\/tags?post=171704"}],"curies":[{"name":"wp","href":"https:\/\/api.w.org\/{rel}","templated":true}]}}