{"id":171722,"date":"2019-06-20T13:01:49","date_gmt":"2019-06-20T10:01:49","guid":{"rendered":"http:\/\/www.tvturk.com\/index.php\/gezginler-vanin-guzellikleri-karsisinda-mest-oldu\/"},"modified":"2019-06-20T13:01:49","modified_gmt":"2019-06-20T10:01:49","slug":"gezginler-vanin-guzellikleri-karsisinda-mest-oldu","status":"publish","type":"post","link":"http:\/\/www.tvturk.com\/index.php\/gezginler-vanin-guzellikleri-karsisinda-mest-oldu\/","title":{"rendered":"Gezginler, Van\u2019\u0131n g\u00fczellikleri kar\u015f\u0131s\u0131nda mest oldu"},"content":{"rendered":"<p>Van\u2019\u0131n tarihi yap\u0131lar\u0131 ve do\u011fal g\u00fczelliklerini ziyaret etmek i\u00e7in gelen gezginler, g\u00f6rd\u00fckleri kar\u015f\u0131s\u0131nda adeta mest oldu.<\/p>\n<p>Van\u2019\u0131n Muradiye il\u00e7esinde bulunan \u015felale ve Tarihi \u015eeytan K\u00f6pr\u00fcs\u00fc, Erci\u015f il\u00e7esinde ak\u0131nt\u0131n\u0131n tersine g\u00f6\u00e7 eden inci kefali bal\u0131\u011f\u0131n\u0131n izlendi\u011fi bal\u0131k bendi, T\u00fcrkiye\u2019nin ku\u015f cennetlerinden biri olan Er\u00e7ek G\u00f6l\u00fc, Van Y\u00fcz\u00fcnc\u00fc Y\u0131l \u00dcniversitesinde (VAN YY\u00dc) yer alan Van Kedi Villas\u0131, Ho\u015fap ve \u00c7avu\u015ftepe kaleleri, kente gelen gezginlerin ilgisini \u00e7ekiyor. \u0130stanbul\u2019dan Van\u2019a gelen bir grup, Van YY\u00dc Yaban Hayvanlar\u0131 Koruma ve Rehabilitasyon Merkezi M\u00fcd\u00fcrl\u00fc\u011f\u00fc \u00f6nc\u00fcl\u00fc\u011f\u00fcnde kentin tarihi yap\u0131lar\u0131n\u0131 ve do\u011fal g\u00fczelliklerini ziyaret etti. Gezginler, ilk olarak Muradiye \u015eelalesi\u2019ni, ard\u0131ndan \u015felaleye yak\u0131n mevkide bulunan Tarihi \u015eeytan K\u00f6pr\u00fcs\u00fc\u2019n\u00fc ziyaret etti. Daha sonra Erci\u015f Bal\u0131k Bendi\u2019nde \u00fcremek i\u00e7in ak\u0131nt\u0131n\u0131n tersine g\u00f6\u00e7 eden inci kefali g\u00f6\u00e7\u00fcn\u00fc izledi ve Er\u00e7ek G\u00f6l\u00fc\u2019nde ku\u015f g\u00f6zlemi yapt\u0131. Ard\u0131ndan Van YY\u00dc\u2019de kedi villas\u0131n\u0131 ve Yaban Hayvanlar\u0131 Koruma ve Rehabilitasyon Merkezini ziyaret eden gezginlerin son rotas\u0131 ise Ho\u015fap Kalesi ile \u00c7avu\u015ftepe Kalesi oldu.<\/p>\n<p>Gezi program\u0131yla ilgili \u0130HA muhabirine konu\u015fan Yaban Hayvanlar\u0131 Koruma ve Rehabilitasyon Merkezi M\u00fcd\u00fcr\u00fc Prof. Dr. Lokman Aslan, Van\u2019\u0131n do\u011fal g\u00fczellikleri ve yaban hayat\u0131n\u0131n tan\u0131t\u0131m\u0131 i\u00e7in \u00e7al\u0131\u015fmalar yapt\u0131klar\u0131n\u0131 belirtti. Bu kapsamda ziyarete gelen gezginlere kentin tan\u0131t\u0131m\u0131 konusunda g\u00f6n\u00fcll\u00fc rehberlik ettiklerini ifade eden Prof. Dr. Aslan, \u201cGe\u00e7en y\u0131l 3 kafileye Van\u2019\u0131 tan\u0131tm\u0131\u015ft\u0131k, bu sene ise ilk kafilemiz oldu. Gelen misafirler yaban hayvanlar\u0131n\u0131n ya\u015fad\u0131\u011f\u0131 ortam\u0131, do\u011fal ve tarihi g\u00fczellikleri g\u00f6r\u00fcyor. Bu \u00e7er\u00e7evede Er\u00e7ek G\u00f6l\u00fc\u2019ndeki flamingolar\u0131, Ad\u0131r Adas\u0131\u2019ndaki mart\u0131lar\u0131 ve olmazsa olmaz inci kefali bal\u0131\u011f\u0131n\u0131 g\u00f6rme f\u0131rsatlar\u0131 oluyor\u201d dedi.<\/p>\n<p>\u201cGezi boyunca \u00e7ok g\u00fczel yerler g\u00f6rd\u00fck\u201d<\/p>\n<p>25 y\u0131ld\u0131r profesyonel olarak turist rehberli\u011fi yapan G\u00fcndo\u011fan G\u00fcne\u015f ise Van\u2019\u0131n hem do\u011fal hem tarihi zenginlikleriyle ziyaret\u00e7ilerine bir\u00e7ok g\u00fczellik sundu\u011funu belirterek, \u201cVan\u2019a defalarca kez geldim. Van\u2019\u0131 \u00e7ok be\u011feniyor ve seviyorum. Van hem do\u011fal hem de tarihi g\u00fczellikleriyle inan\u0131lmaz \u00e7ok \u015fey sunuyor. \u0130nci kefalinden Van kedisine, Artos Da\u011f\u0131\u2019n\u0131n 200 \u00e7e\u015fit kelebe\u011finden Er\u00e7ek G\u00f6l\u00fc\u2019ndeki flamingolar\u0131n, Akdamar Adas\u0131, Ho\u015fap Kalesi, \u00c7avu\u015ftepe Kalesi gibi \u00e7ok say\u0131da g\u00fczellik sunuyor. Van\u2019\u0131n her \u015feyden daha \u00f6nemlisi halk\u0131 \u00e7ok kibard\u0131r. \u0130ster \u0130stanbul\u2019dan, ister yurt d\u0131\u015f\u0131ndan gelsin herkes \u00e7ok misafirperver, \u00e7ok g\u00fcler y\u00fczl\u00fcd\u00fcr. Gezi boyunca \u00e7ok g\u00fczel yerler g\u00f6rd\u00fck, \u00e7ok g\u00fczel a\u011f\u0131rland\u0131k ve hava da \u00e7ok g\u00fczeldi\u201d diye konu\u015ftu.<\/p>\n<p>\u201cVan muhte\u015fem bir yer\u201d<\/p>\n<p>Van\u2019\u0131n ba\u015fl\u0131 ba\u015f\u0131na bir tarih oldu\u011funu ifade eden \u00dclk\u00fc Atabey isimli gezgin de, \u201cVan tabiat\u0131yla, tarihiyle muhte\u015fem bir yer. Van \u00e7ok az bulunur yerlerden bir tanesidir. Van\u2019\u0131 \u00e7ok ye\u015fil, \u00e7ok bak\u0131ml\u0131 ve d\u00fczg\u00fcn bulduk. Van zaten \u00e7ok sevdi\u011fim bir \u015fehirdir\u201d \u015feklinde konu\u015ftu.<\/p>\n<p>\u201cVan\u2019\u0131n \u00f6zellikle g\u00f6r\u00fclmesi laz\u0131m\u201d<\/p>\n<p>Van ilini 3 kez ziyaret etti\u011fini ve her ziyaretinde daha iyi buldu\u011funu ifade eden Sevim Atabek isimli gezgin ise \u201cVan\u2019a en son 10 sene \u00f6nce geldi\u011fimde yine yabanc\u0131 turistler vard\u0131, ama \u00e7ok fazla yerli turist g\u00f6rmedim. Ancak bu sefer Van\u2019\u0131n haz\u0131rl\u0131\u011f\u0131n\u0131 \u00e7ok iyi g\u00f6rd\u00fcm. \u0130nsanlar\u0131n buraya gelip g\u00f6rmesi i\u00e7in \u00e7ok imkanlar sunulmu\u015f. Ben bunun devam\u0131n\u0131n da gelece\u011fine inan\u0131yorum. \u0130\u00e7 turizme katk\u0131 sa\u011flanan olanaklar sunulmu\u015f ve bu y\u00fczden Van\u2019\u0131n \u00f6zellikle g\u00f6r\u00fclmesi laz\u0131m\u201d dedi.<\/p>\n","protected":false},"excerpt":{"rendered":"<p>VAN\u2019IN TAR\u0130H\u0130 YAPILARI VE DO\u011eAL G\u00dcZELL\u0130KLER\u0130N\u0130 Z\u0130YARET ETMEK \u0130\u00c7\u0130N GELEN GEZG\u0130NLER, G\u00d6RD\u00dcKLER\u0130 KAR\u015eISINDA ADETA MEST OLDU.<\/p>\n","protected":false},"author":1,"featured_media":0,"comment_status":"closed","ping_status":"open","sticky":false,"template":"","format":"standard","meta":{"jetpack_post_was_ever_published":false,"_jetpack_newsletter_access":"","_jetpack_dont_email_post_to_subs":false,"_jetpack_newsletter_tier_id":0,"_jetpack_memberships_contains_paywalled_content":false,"_jetpack_memberships_contains_paid_content":false,"footnotes":"","jetpack_publicize_message":"","jetpack_publicize_feature_enabled":true,"jetpack_social_post_already_shared":true,"jetpack_social_options":{"image_generator_settings":{"template":"highway","default_image_id":0,"font":"","enabled":false},"version":2}},"categories":[1],"tags":[41481,8308,10860,10215,77,8178],"class_list":["post-171722","post","type-post","status-publish","format-standard","hentry","category-genel","tag-gezginler","tag-guzellikleri","tag-karsisinda","tag-mest","tag-oldu","tag-vanin"],"jetpack_publicize_connections":[],"jetpack_featured_media_url":"","jetpack_sharing_enabled":true,"jetpack_shortlink":"https:\/\/wp.me\/paKIfm-IFI","_links":{"self":[{"href":"http:\/\/www.tvturk.com\/index.php\/wp-json\/wp\/v2\/posts\/171722","targetHints":{"allow":["GET"]}}],"collection":[{"href":"http:\/\/www.tvturk.com\/index.php\/wp-json\/wp\/v2\/posts"}],"about":[{"href":"http:\/\/www.tvturk.com\/index.php\/wp-json\/wp\/v2\/types\/post"}],"author":[{"embeddable":true,"href":"http:\/\/www.tvturk.com\/index.php\/wp-json\/wp\/v2\/users\/1"}],"replies":[{"embeddable":true,"href":"http:\/\/www.tvturk.com\/index.php\/wp-json\/wp\/v2\/comments?post=171722"}],"version-history":[{"count":0,"href":"http:\/\/www.tvturk.com\/index.php\/wp-json\/wp\/v2\/posts\/171722\/revisions"}],"wp:attachment":[{"href":"http:\/\/www.tvturk.com\/index.php\/wp-json\/wp\/v2\/media?parent=171722"}],"wp:term":[{"taxonomy":"category","embeddable":true,"href":"http:\/\/www.tvturk.com\/index.php\/wp-json\/wp\/v2\/categories?post=171722"},{"taxonomy":"post_tag","embeddable":true,"href":"http:\/\/www.tvturk.com\/index.php\/wp-json\/wp\/v2\/tags?post=171722"}],"curies":[{"name":"wp","href":"https:\/\/api.w.org\/{rel}","templated":true}]}}