{"id":171724,"date":"2019-06-20T13:01:52","date_gmt":"2019-06-20T10:01:52","guid":{"rendered":"http:\/\/www.tvturk.com\/index.php\/cevre-ve-sehircilik-bakani-murat-kurum-afet-bolgesinde\/"},"modified":"2019-06-20T13:01:52","modified_gmt":"2019-06-20T10:01:52","slug":"cevre-ve-sehircilik-bakani-murat-kurum-afet-bolgesinde","status":"publish","type":"post","link":"http:\/\/www.tvturk.com\/index.php\/cevre-ve-sehircilik-bakani-murat-kurum-afet-bolgesinde\/","title":{"rendered":"\u00c7evre ve \u015eehircilik Bakan\u0131 Murat Kurum afet b\u00f6lgesinde"},"content":{"rendered":"<p>TRABZON (\u0130HA) \u2013 \u00c7evre ve \u015eehircilik Bakan\u0131 Murat Kurum, Trabzon\u2019un Arakl\u0131 il\u00e7esinde meydana gelen sel sonras\u0131nda b\u00f6lgeyi yerinde incelemek \u00fczere Arakl\u0131\u2019ya geldi.<\/p>\n<p>Trabzon\u2019un Arakl\u0131 il\u00e7esi \u00c7aml\u0131ktepe mahallesinde d\u00fcn meydana gelen 7 ki\u015finin \u00f6l\u00fcm\u00fc, 3 ki\u015finin kaybolmas\u0131, 4 ki\u015finin de yaralanmas\u0131 ile sonu\u00e7lanan selin ard\u0131ndan \u00c7evre ve \u015eehircilik Bakan\u0131 Murat Kurum b\u00f6lgeyi incelemek i\u00e7in Arakl\u0131\u2019ya geldi. \u0130lk olarak Arakl\u0131 Kaymakaml\u0131\u011f\u0131\u2019na u\u011frayan Bakan Kurum burada kriz masas\u0131ndan brifing alarak b\u00f6lgeye harita \u00fczerinde incelemeler yapt\u0131. Kurum, brifingin ard\u0131ndan selde hayat\u0131n\u0131 kaybeden Mehmet Cevahir\u2019in \u00f6\u011fle namaz\u0131n\u0131n ard\u0131ndan k\u0131l\u0131nacak cenaze namaz\u0131na kat\u0131lmak \u00fczere Arakl\u0131 Merkez Hac\u0131 Hasan K\u00fc\u00e7\u00fck Camii\u2019ne ge\u00e7ti. Kurum, cenaze namaz\u0131n\u0131n ard\u0131ndan selde bir i\u015f yeri ve 4 evin y\u0131k\u0131ld\u0131\u011f\u0131, bir okul ve 12 evin ise hasar g\u00f6rd\u00fc\u011f\u00fc \u00c7aml\u0131k Mahallesi\u2019nde incelemelerde bulunmas\u0131 bekleniyor.<\/p>\n","protected":false},"excerpt":{"rendered":"<p>\u00c7EVRE VE \u015eEH\u0130RC\u0130L\u0130K BAKANI MURAT KURUM TRABZON\u2019UN ARAKLI \u0130L\u00c7ES\u0130NDE MEYDANA GELEN SEL SONRASINDA B\u00d6LGEY\u0130 YER\u0130NDE \u0130NCELEMEK \u00dcZERE ARAKLI\u2019YA GELD\u0130<\/p>\n","protected":false},"author":1,"featured_media":0,"comment_status":"closed","ping_status":"open","sticky":false,"template":"","format":"standard","meta":{"jetpack_post_was_ever_published":false,"_jetpack_newsletter_access":"","_jetpack_dont_email_post_to_subs":false,"_jetpack_newsletter_tier_id":0,"_jetpack_memberships_contains_paywalled_content":false,"_jetpack_memberships_contains_paid_content":false,"footnotes":"","jetpack_publicize_message":"","jetpack_publicize_feature_enabled":true,"jetpack_social_post_already_shared":true,"jetpack_social_options":{"image_generator_settings":{"template":"highway","default_image_id":0,"font":"","enabled":false},"version":2}},"categories":[1],"tags":[2636,13993,933,2028,2582,908,7881],"class_list":["post-171724","post","type-post","status-publish","format-standard","hentry","category-genel","tag-cevre","tag-afet","tag-bakani","tag-bolgesinde","tag-kurum","tag-murat","tag-sehircilik"],"jetpack_publicize_connections":[],"jetpack_featured_media_url":"","jetpack_sharing_enabled":true,"jetpack_shortlink":"https:\/\/wp.me\/paKIfm-IFK","_links":{"self":[{"href":"http:\/\/www.tvturk.com\/index.php\/wp-json\/wp\/v2\/posts\/171724","targetHints":{"allow":["GET"]}}],"collection":[{"href":"http:\/\/www.tvturk.com\/index.php\/wp-json\/wp\/v2\/posts"}],"about":[{"href":"http:\/\/www.tvturk.com\/index.php\/wp-json\/wp\/v2\/types\/post"}],"author":[{"embeddable":true,"href":"http:\/\/www.tvturk.com\/index.php\/wp-json\/wp\/v2\/users\/1"}],"replies":[{"embeddable":true,"href":"http:\/\/www.tvturk.com\/index.php\/wp-json\/wp\/v2\/comments?post=171724"}],"version-history":[{"count":0,"href":"http:\/\/www.tvturk.com\/index.php\/wp-json\/wp\/v2\/posts\/171724\/revisions"}],"wp:attachment":[{"href":"http:\/\/www.tvturk.com\/index.php\/wp-json\/wp\/v2\/media?parent=171724"}],"wp:term":[{"taxonomy":"category","embeddable":true,"href":"http:\/\/www.tvturk.com\/index.php\/wp-json\/wp\/v2\/categories?post=171724"},{"taxonomy":"post_tag","embeddable":true,"href":"http:\/\/www.tvturk.com\/index.php\/wp-json\/wp\/v2\/tags?post=171724"}],"curies":[{"name":"wp","href":"https:\/\/api.w.org\/{rel}","templated":true}]}}