{"id":171728,"date":"2019-06-20T13:02:33","date_gmt":"2019-06-20T10:02:33","guid":{"rendered":"http:\/\/www.tvturk.com\/index.php\/hidayet-turkoglu-insallah-sorunsuz-bir-sekilde-hak-edenin-kazanacagi-final-izleriz\/"},"modified":"2019-06-20T13:02:33","modified_gmt":"2019-06-20T10:02:33","slug":"hidayet-turkoglu-insallah-sorunsuz-bir-sekilde-hak-edenin-kazanacagi-final-izleriz","status":"publish","type":"post","link":"http:\/\/www.tvturk.com\/index.php\/hidayet-turkoglu-insallah-sorunsuz-bir-sekilde-hak-edenin-kazanacagi-final-izleriz\/","title":{"rendered":"Hidayet T\u00fcrko\u011flu: &#8220;\u0130n\u015fallah sorunsuz bir \u015fekilde, hak edenin kazanaca\u011f\u0131 final izleriz\u201d"},"content":{"rendered":"<p>T\u00fcrkiye Basketbol Federasyonu Ba\u015fkan\u0131 Hidayet T\u00fcrko\u011flu, Anadolu Efes ile Fenerbah\u00e7e aras\u0131nda oynanacak Tahincio\u011flu Basketbol S\u00fcper Ligi final serisi son ma\u00e7\u0131 i\u00e7in, \u201c\u0130n\u015fallah sorunsuz bir \u015fekilde, hak edenin kazanaca\u011f\u0131 final izleriz. Herkesin keyif alaca\u011f\u0131, mutlu olaca\u011f\u0131 bir son ma\u00e7 olur. Hak edene de biz federasyon olarak kupay\u0131 veririz\u201d dedi. Ba\u015fkan T\u00fcrko\u011flu ayr\u0131ca Kad\u0131n Milli Tak\u0131m\u0131\u2019n\u0131n Avrupa \u015eampiyonas\u0131\u2019ndaki ilk hedefinin Olimpiyatlara gidebilmek i\u00e7in ilk 6 oldu\u011funu belirtti.<\/p>\n<p>A Milli Kad\u0131n Basketbol Tak\u0131m\u0131, Letonya ve S\u0131rbistan\u2019\u0131n 27 Haziran &#8211; 7 Temmuz tarihlerinde ortakla\u015fa d\u00fczenleyece\u011fi 2019 FIBA Kad\u0131nlar Avrupa \u015eampiyonas\u0131 \u00f6ncesinde medya g\u00fcn\u00fc d\u00fczenledi. Burada T\u00fcrkiye Basketbol Federasyonu Ba\u015fkan\u0131 Hidayet T\u00fcrko\u011flu, bas\u0131n mensuplar\u0131na a\u00e7\u0131klamalarda bulundu. Federasyon olarak \u00e7ok \u00f6nemli bir s\u00fcrece girdiklerini belirten T\u00fcrko\u011flu, \u201cKad\u0131n ve Erkek Milli Tak\u0131m\u0131m\u0131z\u0131n Avrupa ve D\u00fcnya \u015eampiyonas\u0131 \u00f6ncesinde tak\u0131m\u0131m\u0131z\u0131n yan\u0131nda olmam\u0131z bizi \u00e7ok mutlu etti. Kad\u0131n Milli Tak\u0131m\u0131, federasyon olarak bizim gurur kayna\u011f\u0131m\u0131z. \u0130ki defa Olimpiyata gitmi\u015f, \u00e7ok g\u00fczel ba\u015far\u0131lar elde etmi\u015f, \u015fu anda da \u00fc\u00e7\u00fcnc\u00fcs\u00fcn\u00fc ba\u015farabilmek i\u00e7in \u00f6nlerinde g\u00fczel bir Avrupa \u015eampiyonas\u0131 var. Gerek Ceyhun hoca gerekse de sporcu arkada\u015flar bu turnuvan\u0131n \u00f6nemli oldu\u011funun bilincinde. Biz de y\u00f6netim olarak her daim yanlar\u0131nda oldu\u011fumuzu hissettirmek i\u00e7in bize d\u00fc\u015fen g\u00f6revi bakanl\u0131\u011f\u0131m\u0131zla birlikte her zaman yerine getirmeye \u00e7al\u0131\u015f\u0131yoruz. Hedefimiz ilk ba\u015fta \u00f6n\u00fcm\u00fczdeki y\u0131l d\u00fczenlenecek olan Olimpiyatlara kat\u0131labilmek i\u00e7in ilk 6. Bunu garantiledikten sonra in\u015fallah o s\u00fcre\u00e7te g\u00fczel bir ba\u015far\u0131 da gelirse moral anlam\u0131nda, \u00fclke anlam\u0131nda herkesin gurur duyaca\u011f\u0131 s\u00fcre\u00e7 ile kar\u015f\u0131 kar\u015f\u0131ya kal\u0131r\u0131z. Hepsine inan\u0131yoruz. \u00dclke olarak da hem oraya gelenlerle hem televizyon ba\u015f\u0131ndakiler dualar\u0131n\u0131 eksik etmeyecektir\u201d diye konu\u015ftu.<\/p>\n<p>\u201cDevletimiz her zaman yan\u0131m\u0131zda\u201d<\/p>\n<p>Cumhurba\u015fkan\u0131 Recep Tayyip Erdo\u011fan\u2019\u0131n e\u015fi Emine Erdo\u011fan\u2019\u0131n e\u015finin millilere yemek vermesinin hat\u0131rlat\u0131lmas\u0131 \u00fczerine Hidayet T\u00fcrko\u011flu, \u201cSayg\u0131de\u011fer han\u0131mefendi de ge\u00e7en g\u00fcn Kad\u0131n Milli Tak\u0131m\u0131m\u0131za yemek verdi. Devletimiz her zaman yan\u0131m\u0131zda. Sayg\u0131de\u011fer han\u0131mefendi, ba\u015fta kad\u0131n sporcular\u0131, daha sonra da t\u00fcm sporculara deste\u011fini esirgemeyen ve onlar\u0131n yan\u0131nda olan biri. O ak\u015fam da bizleri H\u00fcber K\u00f6\u015fk\u00fc\u2019nde misafir etti. G\u00fczel bir gece ge\u00e7ti\u011fine inan\u0131yorum. B\u00fct\u00fcn sporcu arkada\u015flar\u0131m\u0131z, bu s\u00fcre\u00e7te devletin desteklerini arkalar\u0131nda hissedeceklerdir\u201d \u015feklinde konu\u015ftu.<\/p>\n<p>\u201c\u0130talya grupta ka\u011f\u0131t \u00fczerinde en zorlu rakibimiz\u201d<\/p>\n<p>Gruptaki rakipler hakk\u0131nda da konu\u015fan Ba\u015fkan T\u00fcrko\u011flu, \u201cBu turnuvalarda her ma\u00e7 \u00e7ok anlaml\u0131. \u00d6nemli olan turnuvaya nas\u0131l ba\u015flayaca\u011f\u0131n\u0131zd\u0131r. \u0130lk ma\u00e7 \u0130talya ile. Grubumuzda ka\u011f\u0131t \u00fczerinde en zorlu rakibimiz. \u0130n\u015fallah tak\u0131m\u0131m\u0131z turnuvaya da iyi ba\u015flar. \u0130talya galibiyeti ile b\u00fcy\u00fck bir moral bulacaklard\u0131r. \u0130n\u015fallah \u00f6yle de devam eder. \u00c7\u00fcnk\u00fc grubu birinci bitirdi\u011finiz takdirde \u00e7eyrek finale y\u00fckseliyorsunuz. Yakla\u015f\u0131k 2-3 g\u00fcn kazan\u0131yorsunuz. Dinlenmek a\u00e7\u0131s\u0131ndan da, \u00e7eyrek finale haz\u0131rlanmak a\u00e7\u0131s\u0131nda da iyi bir zamana sahip oluyorsunuz. Her ma\u00e7 \u00f6nemli olacakt\u0131r. Hepsine ba\u015far\u0131lar diliyorum\u201d ifadelerini kulland\u0131.<\/p>\n<p>\u201c\u0130n\u015fallah herkesin keyif alaca\u011f\u0131, mutlu olaca\u011f\u0131 bir son ma\u00e7 olur\u201d<\/p>\n<p>Son olarak Anadolu Efes ile Fenerbah\u00e7e Beko aras\u0131ndaki Tahincio\u011flu Basketbol S\u00fcper Ligi final serisi son ma\u00e7\u0131 ile ilgili a\u00e7\u0131klamalarda bulunan T\u00fcrko\u011flu, \u201cGerek televizyon ba\u015f\u0131ndakiler olsun, gerek salonlar\u0131 dolduran seyircilerimiz olsun ger\u00e7ekten inan\u0131lmaz bir seri izlediklerini d\u00fc\u015f\u00fcn\u00fcyorum. Her iki tak\u0131m\u0131n da deplasmanda birbirlerini yendikleri bir seri izliyorum ve durum 3-3. \u0130n\u015fallah sorunsuz bir \u015fekilde, hak edenin kazanaca\u011f\u0131 final izleriz. B\u00fct\u00fcn tak\u0131mlar\u0131m\u0131z\u0131 y\u0131l boyunca g\u00f6stermi\u015f olduklar\u0131 performanslar\u0131ndan dolay\u0131 kutlamak istiyorum. Hak etmi\u015f iki tak\u0131m\u0131m\u0131z\u0131, ba\u015fta Anadolu Efes ve Fenerbah\u00e7e Beko\u2019yu gerek Euroleague\u2019deki performanslar\u0131ndan gerek de buradaki final serisindeki performanslar\u0131ndan dolay\u0131 kutlamak istiyorum. Yo\u011fun bir tempoda m\u00fccadele ediyorlar. \u0130ki g\u00fcnde bir ma\u00e7 oynuyorlar. \u0130n\u015fallah sporcu arkada\u015flar\u0131m\u0131z tak\u0131mlar\u0131n\u0131 yaln\u0131z b\u0131rakmak zorunda kalacak bir sakatl\u0131kla kar\u015f\u0131la\u015fmaz. Yar\u0131n ak\u015fam in\u015fallah herkesin keyif alaca\u011f\u0131, mutlu olaca\u011f\u0131 bir son ma\u00e7 olur. Hak edene de biz federasyon olarak kupay\u0131 veririz\u201d de\u011ferlendirmesinde bulundu.<\/p>\n","protected":false},"excerpt":{"rendered":"<p>T\u00dcRK\u0130YE BASKETBOL FEDERASYONU BA\u015eKANI H\u0130DAYET T\u00dcRKO\u011eLU, KADIN M\u0130LL\u0130 TAKIMI\u2019NIN AVRUPA \u015eAMP\u0130YONASI\u2019NDAK\u0130 \u0130LK HEDEF\u0130N\u0130N OL\u0130MP\u0130YATLARA KATILMA YOLUNDA \u0130LK 6 OLDU\u011eUNU BEL\u0130RTT\u0130.<\/p>\n","protected":false},"author":1,"featured_media":0,"comment_status":"closed","ping_status":"open","sticky":false,"template":"","format":"standard","meta":{"jetpack_post_was_ever_published":false,"_jetpack_newsletter_access":"","_jetpack_dont_email_post_to_subs":false,"_jetpack_newsletter_tier_id":0,"_jetpack_memberships_contains_paywalled_content":false,"_jetpack_memberships_contains_paid_content":false,"footnotes":"","jetpack_publicize_message":"","jetpack_publicize_feature_enabled":true,"jetpack_social_post_already_shared":true,"jetpack_social_options":{"image_generator_settings":{"template":"highway","default_image_id":0,"font":"","enabled":false},"version":2}},"categories":[657],"tags":[125,24675,2052,964,37741,963,41483,41482,7428,17797,1823],"class_list":["post-171728","post","type-post","status-publish","format-standard","hentry","category-spor","tag-bir","tag-edenin","tag-final","tag-hak","tag-hidayet","tag-insallah","tag-izleriz","tag-kazanacagi","tag-sekilde","tag-sorunsuz","tag-turkoglu"],"jetpack_publicize_connections":[],"jetpack_featured_media_url":"","jetpack_sharing_enabled":true,"jetpack_shortlink":"https:\/\/wp.me\/paKIfm-IFO","_links":{"self":[{"href":"http:\/\/www.tvturk.com\/index.php\/wp-json\/wp\/v2\/posts\/171728","targetHints":{"allow":["GET"]}}],"collection":[{"href":"http:\/\/www.tvturk.com\/index.php\/wp-json\/wp\/v2\/posts"}],"about":[{"href":"http:\/\/www.tvturk.com\/index.php\/wp-json\/wp\/v2\/types\/post"}],"author":[{"embeddable":true,"href":"http:\/\/www.tvturk.com\/index.php\/wp-json\/wp\/v2\/users\/1"}],"replies":[{"embeddable":true,"href":"http:\/\/www.tvturk.com\/index.php\/wp-json\/wp\/v2\/comments?post=171728"}],"version-history":[{"count":0,"href":"http:\/\/www.tvturk.com\/index.php\/wp-json\/wp\/v2\/posts\/171728\/revisions"}],"wp:attachment":[{"href":"http:\/\/www.tvturk.com\/index.php\/wp-json\/wp\/v2\/media?parent=171728"}],"wp:term":[{"taxonomy":"category","embeddable":true,"href":"http:\/\/www.tvturk.com\/index.php\/wp-json\/wp\/v2\/categories?post=171728"},{"taxonomy":"post_tag","embeddable":true,"href":"http:\/\/www.tvturk.com\/index.php\/wp-json\/wp\/v2\/tags?post=171728"}],"curies":[{"name":"wp","href":"https:\/\/api.w.org\/{rel}","templated":true}]}}