{"id":171752,"date":"2019-06-20T13:31:54","date_gmt":"2019-06-20T10:31:54","guid":{"rendered":"http:\/\/www.tvturk.com\/index.php\/emek-ve-adalet-yuruyusu-10uncu-gununde\/"},"modified":"2019-06-20T13:31:54","modified_gmt":"2019-06-20T10:31:54","slug":"emek-ve-adalet-yuruyusu-10uncu-gununde","status":"publish","type":"post","link":"http:\/\/www.tvturk.com\/index.php\/emek-ve-adalet-yuruyusu-10uncu-gununde\/","title":{"rendered":"Emek ve Adalet Y\u00fcr\u00fcy\u00fc\u015f\u00fc 10\u2019unc\u00fc g\u00fcn\u00fcnde"},"content":{"rendered":"<p>CHP\u2019li Bolu Belediyesinde ya\u015fanan i\u015ften \u00e7\u0131karmalar\u0131 protesto etmek amac\u0131yla d\u00fczenlenen \u2018Emek ve Adalet Y\u00fcr\u00fcy\u00fc\u015f\u00fc\u2019, 10\u2019uncu g\u00fcn\u00fcnde devam etti.<\/p>\n<p>Hizmet-\u0130\u015f Sendikas\u0131nca Bolu Belediyesindeki i\u015ften \u00e7\u0131karmalara y\u00f6nelik d\u00fczenlenen y\u00fcr\u00fcy\u00fc\u015f, \u00e7ok say\u0131da sendika \u00fcyesinin kat\u0131l\u0131 ile bug\u00fcn Kazan mevkiinde devam etti. K\u0131br\u0131s Kamu-Sen Ba\u015fkan\u0131 ve Oyuncu Ahmet Yenilmez de y\u00fcr\u00fcy\u00fc\u015fe destek amac\u0131yla kat\u0131ld\u0131.<\/p>\n<p>Y\u00fcr\u00fcy\u00fc\u015fle tek bir ama\u00e7lar\u0131 oldu\u011funu ifade eden Hak-\u0130\u015f Genel Ba\u015fkan\u0131 Mahmut Arslan, \u201dEylemimizin 59, y\u00fcr\u00fcy\u00fc\u015f\u00fcm\u00fcz\u00fcn 10\u2019uncu g\u00fcn\u00fc. Maalesef 11 Haziran g\u00fcn\u00fc \u00e7a\u011fr\u0131 yapt\u0131k. Ey CHP bizi anlay\u0131n, bizi duyun bir tek amac\u0131m\u0131z var, i\u015fimize geri d\u00f6nmek dedik. Herkes duydu, bir onlar duymad\u0131 Y\u00fcr\u00fcy\u00fc\u015f\u00fcn 9. g\u00fcn\u00fcnde ilk kez bir a\u00e7\u0131klamas\u0131n\u0131 duyduk. Bu a\u00e7\u0131klaman\u0131n yap\u0131lmas\u0131n\u0131 \u00f6nemli buluyorum. 59 g\u00fcn sonra sesimizi CHP\u2018nin duymas\u0131 \u00f6nemlidir. Bu eylemin bir tek amac\u0131 var; arkada\u015flar\u0131m\u0131z\u0131n i\u015fe geri d\u00f6nmesini sa\u011flamak. Bizi bir k\u0131s\u0131m hedefler i\u00e7in yollara d\u00fc\u015fm\u00fc\u015f gibi tan\u0131mlamaya \u00e7al\u0131\u015fmak bu insanlara b\u00fcy\u00fck haks\u0131zl\u0131kt\u0131r. Sanki bu y\u00fcr\u00fcy\u00fc\u015f bir yerlerden talimat al\u0131nm\u0131\u015f, \u0130stanbul belediye se\u00e7imlerini manip\u00fcle etmeye y\u00f6nelik bir his do\u011fuyor bizde diyorlar. Sizin hislerinizde problem var arkada\u015f\u0131m. Bu y\u00fcr\u00fcy\u00fc\u015f\u00fc ba\u015fka taraflara \u00e7ekmeyi bizi k\u00fc\u00e7\u00fcmseme giri\u015fimleri olarak g\u00f6r\u00fcyoruz. CHP\u2019nin \u0130stanbul se\u00e7imlerinde lehine kullanaca\u011f\u0131 bir ba\u015fka manip\u00fclasyon olarak g\u00f6r\u00fcyoruz. B\u00f6yle de\u011ferlendirilmesi bizi \u00fcz\u00fcyor\u201d dedi.<\/p>\n<p>Hi\u00e7bir siyasi partiye d\u00fc\u015fmanl\u0131klar\u0131 olmad\u0131\u011f\u0131n\u0131 belirten Arslan, \u201dBizi i\u015ften atanlar Bolu Belediyesindeki s\u00fcre\u00e7 ger\u00e7ekten ibreti tamiz bir s\u00fcre\u00e7tir. Biz orada yetkili sendikay\u0131z. Belediye ba\u015fkan\u0131 se\u00e7ilip geliyor, ilk i\u015fi arkada\u015flar\u0131m\u0131z\u0131n yerini de\u011fi\u015ftirmek oluyor. H\u0131z\u0131n\u0131 alamay\u0131p bu defa sendika de\u011fi\u015ftirmeye y\u00f6nelik bask\u0131lara ba\u015fl\u0131yorlar. Bu defa arkada\u015flar\u0131m\u0131z\u0131 i\u015ften \u00e7\u0131kar\u0131yorlar. Ekonomik sorun varsa biz yetkili sendikay\u0131z, ne yapar\u0131z dersiniz. Yapmad\u0131lar. Sendika ve i\u015f\u00e7iyi yok sayd\u0131lar. Bizim masam\u0131z s\u00fcrekli kuruludur. Gelin anla\u015fal\u0131m, i\u015ften at\u0131lan arkada\u015flar\u0131m\u0131z geri d\u00f6ns\u00fcn, toplu s\u00f6zle\u015fmelerini sabote eden, s\u00f6zle\u015fmeleri imzalay\u0131n dedik. Sendika bask\u0131lar\u0131 kald\u0131r\u0131n, belediye ba\u015fkanlar\u0131n\u0131za s\u00f6yleyin i\u015ften at\u0131lan i\u015f\u00e7iler geri d\u00f6ns\u00fcnler. Gelin el s\u0131k\u0131\u015fal\u0131m. Bizim hi\u00e7bir siyasal partiye d\u00fc\u015fmanca tavr\u0131m\u0131z olamaz. Ge\u00e7te olsa at\u0131lan ad\u0131m\u0131 \u00f6nemsiyoruz. Y\u00fcr\u00fcy\u00fc\u015f\u00fcm\u00fcz\u00fc amac\u0131n\u0131n d\u0131\u015f\u0131na g\u00f6t\u00fcrmelerini asla kabul etmiyoruz. Emekten, al\u0131n terinden, emekten, \u00f6zg\u00fcrl\u00fckten, adaletten bir siyasi partinin ve belediyeleri 31 Mart\u2019tan sendikam\u0131za kar\u015f\u0131, halk\u0131m\u0131za kar\u015f\u0131 d\u00fc\u015fmanca tutumlar\u0131 CHP\u2019ye olan g\u00fcveni, emek\u00e7ilerin sempatisini ortadan kald\u0131rm\u0131\u015ft\u0131r. Onlar\u0131 insan de\u011fil b\u00f6cek niyetine g\u00f6ren zihniyettir. Bu s\u00fcre\u00e7lerin demokratik bir \u015fekilde \u00e7\u00f6z\u00fcme kavu\u015fmas\u0131 i\u00e7in u\u011fra\u015f\u0131yoruz. S\u00f6zde sendika diye ge\u00e7inenler onlara \u00e7al\u0131\u015f\u0131yor. Biz i\u015f\u00e7iyiz, biz buraday\u0131z. K\u0131l\u0131\u00e7daro\u011flu\u2019nun s\u00f6z\u00fc \u00fczerine CHP\u2019nin \u00f6n\u00fcne gidiyoruz. K\u0131l\u0131\u00e7daro\u011flu demi\u015fti \u2019Herhangi bir siyasi partiye ba\u011fl\u0131 ki\u015filer i\u015ften \u00e7\u0131kar\u0131lmayacak. Ben teminat veriyorum\u2019 demi\u015fti. \u2019Namus s\u00f6z\u00fc\u2019 demi\u015fti. \u2019Bir sorun olursa gelin beni bulun\u2019 demi\u015fti\u201d \u015feklinde konu\u015ftu.<\/p>\n<p>Y\u00fcr\u00fcy\u00fc\u015fe destek olan Ahmet Yenilmez ise, \u201d\u00c7ocuk babas\u0131y\u0131m, evlad\u0131m var. Bu yollardan Say\u0131n Kemal K\u0131l\u0131\u00e7daro\u011flu buralardan y\u00fcr\u00fcd\u00fcn\u00fcz, adalet istiyorum dediniz. Bu \u00fclkenin al\u0131n terini tart\u0131\u015fmamal\u0131yd\u0131k\u201d ifadelerini kulland\u0131.<\/p>\n<p>\u00d6te yandan, i\u015f\u00e7ilerin y\u00fcr\u00fcy\u00fc\u015f\u00fc \u0130HA ekibi taraf\u0131ndan drone ile havadan g\u00f6r\u00fcnt\u00fclendi.<\/p>\n","protected":false},"excerpt":{"rendered":"<p>BOLU BELED\u0130YES\u0130NDE YA\u015eANAN \u0130\u015eTEN \u00c7IKARMALARI PROTESTO ETMEK AMACIYLA D\u00dcZENLENEN \u2018EMEK VE ADALET Y\u00dcR\u00dcY\u00dc\u015e\u00dc\u2019  ONUNCU G\u00dcN\u00dcNDE KAZAN MEVK\u0130N DE BA\u015eLADI.<\/p>\n","protected":false},"author":1,"featured_media":0,"comment_status":"closed","ping_status":"open","sticky":false,"template":"","format":"standard","meta":{"jetpack_post_was_ever_published":false,"_jetpack_newsletter_access":"","_jetpack_dont_email_post_to_subs":false,"_jetpack_newsletter_tier_id":0,"_jetpack_memberships_contains_paywalled_content":false,"_jetpack_memberships_contains_paid_content":false,"footnotes":"","jetpack_publicize_message":"","jetpack_publicize_feature_enabled":true,"jetpack_social_post_already_shared":true,"jetpack_social_options":{"image_generator_settings":{"template":"highway","default_image_id":0,"font":"","enabled":false},"version":2}},"categories":[1],"tags":[171,16250,19058,2246,1983],"class_list":["post-171752","post","type-post","status-publish","format-standard","hentry","category-genel","tag-adalet","tag-10uncu","tag-emek","tag-gununde","tag-yuruyusu"],"jetpack_publicize_connections":[],"jetpack_featured_media_url":"","jetpack_sharing_enabled":true,"jetpack_shortlink":"https:\/\/wp.me\/paKIfm-IGc","_links":{"self":[{"href":"http:\/\/www.tvturk.com\/index.php\/wp-json\/wp\/v2\/posts\/171752","targetHints":{"allow":["GET"]}}],"collection":[{"href":"http:\/\/www.tvturk.com\/index.php\/wp-json\/wp\/v2\/posts"}],"about":[{"href":"http:\/\/www.tvturk.com\/index.php\/wp-json\/wp\/v2\/types\/post"}],"author":[{"embeddable":true,"href":"http:\/\/www.tvturk.com\/index.php\/wp-json\/wp\/v2\/users\/1"}],"replies":[{"embeddable":true,"href":"http:\/\/www.tvturk.com\/index.php\/wp-json\/wp\/v2\/comments?post=171752"}],"version-history":[{"count":0,"href":"http:\/\/www.tvturk.com\/index.php\/wp-json\/wp\/v2\/posts\/171752\/revisions"}],"wp:attachment":[{"href":"http:\/\/www.tvturk.com\/index.php\/wp-json\/wp\/v2\/media?parent=171752"}],"wp:term":[{"taxonomy":"category","embeddable":true,"href":"http:\/\/www.tvturk.com\/index.php\/wp-json\/wp\/v2\/categories?post=171752"},{"taxonomy":"post_tag","embeddable":true,"href":"http:\/\/www.tvturk.com\/index.php\/wp-json\/wp\/v2\/tags?post=171752"}],"curies":[{"name":"wp","href":"https:\/\/api.w.org\/{rel}","templated":true}]}}