{"id":171758,"date":"2019-06-20T13:32:40","date_gmt":"2019-06-20T10:32:40","guid":{"rendered":"http:\/\/www.tvturk.com\/index.php\/isil-alben-hedefimiz-olimpiyatlar-icin-vize-almak\/"},"modified":"2019-06-20T13:32:40","modified_gmt":"2019-06-20T10:32:40","slug":"isil-alben-hedefimiz-olimpiyatlar-icin-vize-almak","status":"publish","type":"post","link":"http:\/\/www.tvturk.com\/index.php\/isil-alben-hedefimiz-olimpiyatlar-icin-vize-almak\/","title":{"rendered":"I\u015f\u0131l Alben: \u201cHedefimiz Olimpiyatlar i\u00e7in vize almak\u201d"},"content":{"rendered":"<p>A Milli Kad\u0131n Basketbol Tak\u0131m kaptan\u0131 I\u015f\u0131l Alben, hedeflerinin Olimpiyat vizesi almak oldu\u011funu belirterek, gruptan da birinci \u00e7\u0131kmak istediklerini s\u00f6yledi.<\/p>\n<p>A Milli Kad\u0131n Basketbol Tak\u0131m\u0131, Letonya ve S\u0131rbistan\u2019\u0131n 27 Haziran &#8211; 7 Temmuz tarihlerinde ortakla\u015fa d\u00fczenleyece\u011fi 2019 FIBA Kad\u0131nlar Avrupa \u015eampiyonas\u0131 \u00f6ncesinde medya g\u00fcn\u00fc d\u00fczenledi. A Milli Kad\u0131n Basketbol Tak\u0131m kaptan\u0131 I\u015f\u0131l Alben, bas\u0131n mensuplar\u0131na a\u00e7\u0131klamalarda bulundu. May\u0131s ay\u0131ndan beri \u00e7al\u0131\u015fmalar\u0131n\u0131 s\u00fcrd\u00fcrd\u00fcklerini belirten Alben, \u201c\u015eu ana kadar 7 tane haz\u0131rl\u0131k ma\u00e7\u0131 oynad\u0131k. Art\u0131k haz\u0131rl\u0131klar\u0131n son a\u015famas\u0131nday\u0131z. Haz\u0131rl\u0131k d\u00f6neminin g\u00fczel ge\u00e7ti. Ge\u00e7en seneki D\u00fcnya \u015eampiyonas\u0131\u2019ndan \u00f6nemli tecr\u00fcbe edindik. Umuyorum grubu diledi\u011fimiz yerde bitirerek sonras\u0131nda da Olimpiyatlara gitmek i\u00e7in vize alaca\u011f\u0131z\u201d diye konu\u015ftu. Avrupa\u2019daki \u00fclkelerde jenerasyon de\u011fi\u015fikli\u011fi ya\u015fand\u0131\u011f\u0131n\u0131n hat\u0131rlat\u0131lmas\u0131 \u00fczerine ba\u015far\u0131l\u0131 basketbolcu, tak\u0131m\u0131 tecr\u00fcbe konusunda bir ad\u0131m \u00f6nde g\u00f6rd\u00fc\u011f\u00fcn\u00fc s\u00f6yleyerek, \u201c\u00c7\u00fcnk\u00fc oynad\u0131\u011f\u0131m\u0131z 2017 Avrupa \u015eampiyonas\u0131 ve ge\u00e7en seneki D\u00fcnya \u015eampiyonas\u0131\u2019nda gen\u00e7 arkada\u015flar\u0131m\u0131z da ciddi tecr\u00fcbe kazand\u0131lar. Di\u011fer tak\u0131mlarda da jenerasyon de\u011fi\u015fikli\u011fi var. Arkada\u015flar\u0131m\u0131z ligimizde tak\u0131mlar\u0131nda ciddi s\u00fcreler al\u0131p, ciddi katk\u0131lar verdiler. Onlar\u0131n enerjisi ile birka\u00e7 tane tecr\u00fcbeli, iki tane Olimpiyat g\u00f6rm\u00fc\u015f oyuncularla birlikte g\u00fczel bir sinerji yapmak istiyoruz\u201d \u015feklinde konu\u015ftu.<\/p>\n<p>\u201cGruplardan birinci \u00e7\u0131kmak istiyoruz\u201d<\/p>\n<p>Haz\u0131rl\u0131k s\u00fcrecinde oynad\u0131klar\u0131 ciddi rakiplerin sorulmas\u0131 \u00fczerine I\u015f\u0131l Alben, \u201cFransa turnuvan\u0131n favorilerinden. Haz\u0131rl\u0131k ma\u00e7\u0131nda onlar\u0131 yenmeyi ba\u015fard\u0131k. \u0130spanya ile kafa kafaya son saniyelere kadar oynad\u0131k. Rusya ve S\u0131rbistan\u2019a kar\u015f\u0131 zorland\u0131k. Onlara kar\u015f\u0131 fizik dezavantaj\u0131m\u0131z var. Onlar\u0131 \u00e7\u00f6zmeye \u00e7al\u0131\u015f\u0131yoruz. \u0130talya, Slovenya ve Macaristan bize daha yak\u0131n tak\u0131mlar fiziksel \u00f6zellikleri olan. \u0130talya\u2019y\u0131 yak\u0131ndan tan\u0131yoruz. En iyi 2 oyuncusu \u00fclkemizde oynad\u0131. Daha \u00f6ncede kar\u015f\u0131la\u015ft\u0131k. Bildi\u011fimiz bir rakip. Gruplardan birinci \u00e7\u0131kmak istiyoruz\u201d diye cevap verdi.<\/p>\n","protected":false},"excerpt":{"rendered":"<p>A M\u0130LL\u0130 KADIN BASKETBOL TAKIM KAPTANI I\u015eIL ALBEN, HEDEFLER\u0130N\u0130N OL\u0130MP\u0130YAT V\u0130ZES\u0130 ALMAK OLDU\u011eUNU BEL\u0130RTEREK, GRUPTAN DA B\u0130R\u0130NC\u0130 \u00c7IKMAK \u0130STED\u0130KLER\u0130N\u0130 S\u00d6YLED\u0130.<\/p>\n","protected":false},"author":1,"featured_media":0,"comment_status":"closed","ping_status":"open","sticky":false,"template":"","format":"standard","meta":{"jetpack_post_was_ever_published":false,"_jetpack_newsletter_access":"","_jetpack_dont_email_post_to_subs":false,"_jetpack_newsletter_tier_id":0,"_jetpack_memberships_contains_paywalled_content":false,"_jetpack_memberships_contains_paid_content":false,"footnotes":"","jetpack_publicize_message":"","jetpack_publicize_feature_enabled":true,"jetpack_social_post_already_shared":true,"jetpack_social_options":{"image_generator_settings":{"template":"highway","default_image_id":0,"font":"","enabled":false},"version":2}},"categories":[657],"tags":[5159,41491,7122,44,1477,30068,27788],"class_list":["post-171758","post","type-post","status-publish","format-standard","hentry","category-spor","tag-hedefimiz","tag-alben","tag-almak","tag-icin","tag-isil","tag-olimpiyatlar","tag-vize"],"jetpack_publicize_connections":[],"jetpack_featured_media_url":"","jetpack_sharing_enabled":true,"jetpack_shortlink":"https:\/\/wp.me\/paKIfm-IGi","_links":{"self":[{"href":"http:\/\/www.tvturk.com\/index.php\/wp-json\/wp\/v2\/posts\/171758","targetHints":{"allow":["GET"]}}],"collection":[{"href":"http:\/\/www.tvturk.com\/index.php\/wp-json\/wp\/v2\/posts"}],"about":[{"href":"http:\/\/www.tvturk.com\/index.php\/wp-json\/wp\/v2\/types\/post"}],"author":[{"embeddable":true,"href":"http:\/\/www.tvturk.com\/index.php\/wp-json\/wp\/v2\/users\/1"}],"replies":[{"embeddable":true,"href":"http:\/\/www.tvturk.com\/index.php\/wp-json\/wp\/v2\/comments?post=171758"}],"version-history":[{"count":0,"href":"http:\/\/www.tvturk.com\/index.php\/wp-json\/wp\/v2\/posts\/171758\/revisions"}],"wp:attachment":[{"href":"http:\/\/www.tvturk.com\/index.php\/wp-json\/wp\/v2\/media?parent=171758"}],"wp:term":[{"taxonomy":"category","embeddable":true,"href":"http:\/\/www.tvturk.com\/index.php\/wp-json\/wp\/v2\/categories?post=171758"},{"taxonomy":"post_tag","embeddable":true,"href":"http:\/\/www.tvturk.com\/index.php\/wp-json\/wp\/v2\/tags?post=171758"}],"curies":[{"name":"wp","href":"https:\/\/api.w.org\/{rel}","templated":true}]}}