{"id":171766,"date":"2019-06-20T13:46:47","date_gmt":"2019-06-20T10:46:47","guid":{"rendered":"http:\/\/www.tvturk.com\/index.php\/ozel-ikiz-kardesler-ikizlerle-evlendi\/"},"modified":"2019-06-20T13:46:47","modified_gmt":"2019-06-20T10:46:47","slug":"ozel-ikiz-kardesler-ikizlerle-evlendi","status":"publish","type":"post","link":"http:\/\/www.tvturk.com\/index.php\/ozel-ikiz-kardesler-ikizlerle-evlendi\/","title":{"rendered":"(\u00d6zel) \u0130kiz karde\u015fler, ikizlerle evlendi"},"content":{"rendered":"<p>Kayseri\u2019de \u2019Beraber b\u00fcy\u00fcd\u00fck, beraber evlenelim\u2019 diye birbirlerine s\u00f6z veren 24 ya\u015f\u0131ndaki ikiz karde\u015fler Mustafa-Onur \u0130bi\u015f, g\u00f6n\u00fcllerini kapt\u0131rd\u0131klar\u0131 ikiz karde\u015fler Derya ve H\u00fclya ile d\u00fcnya evine girdi. Co\u015fkulu bir d\u00fc\u011f\u00fcn ile d\u00fcnya evine giren giren ikiz \u00e7iftler, b\u00fcy\u00fck mutluluk ya\u015fad\u0131.<\/p>\n<p>Kayseri\u2019de ya\u015fayan 24 ya\u015f\u0131ndaki tek yumurta ikizleri Mustafa ve Onur \u0130bi\u015f, beraber b\u00fcy\u00fcd\u00fc. Hayatlar\u0131nda hi\u00e7 ayr\u0131lmayan, ayn\u0131 okula ve askerlik g\u00f6revlerini yapmak \u00fczere ayn\u0131 birli\u011fe giden ikizler, ikiz bir karde\u015fle evlenip, d\u00fc\u011f\u00fcnlerini de ayn\u0131 anda yapmak i\u00e7in birbirlerine s\u00f6z verdi. Bir tan\u0131d\u0131klar\u0131n\u0131n vesilesi ile ikiz karde\u015fler H\u00fclya ve karde\u015fi Derya ile tan\u0131\u015fan gen\u00e7ler, verdikleri s\u00f6z\u00fc tuttu. Ayn\u0131 anda d\u00fc\u011f\u00fcn yapan gen\u00e7ler, d\u00fc\u011f\u00fcnlerinde g\u00f6n\u00fcllerince e\u011flenerek, d\u00fcnya evine girmenin heyecan\u0131n\u0131 ya\u015fad\u0131.<\/p>\n<p>\u0130kizlerden 24 ya\u015f\u0131ndaki Onur \u0130bi\u015f, \u201cHer \u015fey \u00e7ok h\u0131zl\u0131 oldu. Karde\u015fimle s\u00fcrekli \u2018Olursa ikiz olsun, bu zamana kadar hi\u00e7 ayr\u0131lmad\u0131k\u2019 diye konu\u015fuyorduk. Karde\u015fimle askerli\u011fimiz falan hep beraber oldu. Evlili\u011finde beraber olmas\u0131n\u0131 istedik. Allah\u2019a \u015f\u00fck\u00fcrler olsun o da oldu. Hi\u00e7 beklemiyorduk, bizde \u015fa\u015f\u0131rd\u0131k. Heyecan da var, mutluluk da var. D\u00fc\u011f\u00fcn\u00fcm\u00fczde iyi gidiyor. Hepimiz mutluyuz\u201d dedi.<\/p>\n<p>Mustafa \u0130bi\u015f de, \u201c\u0130nsan\u0131n ikizi olmas\u0131 g\u00fczel bir duygu. Bende \u00e7ok mutluyum. Ayn\u0131 anda evleniyoruz\u201d diye konu\u015ftu.<\/p>\n<p>\u0130kizlerden Onur \u0130bi\u015f ile hayat\u0131n\u0131 birle\u015ftiren Derya Tamer de, \u201c\u00dcst kom\u015fumuz olan halam\u0131n k\u0131z\u0131 vesilesiyle tan\u0131\u015ft\u0131k. Bize geldiler, g\u00f6r\u00fc\u015ft\u00fck. Biz karde\u015fimle b\u00f6yle bir \u015feyi d\u00fc\u015f\u00fcnmemi\u015ftik ama bir anda oldu. Mutlu olduk\u201d ifadelerini kulland\u0131.<\/p>\n","protected":false},"excerpt":{"rendered":"<p>KAYSER\u0130\u2019DE &#8216;BERABER B\u00dcY\u00dcD\u00dcK, BERABER EVLENEL\u0130M&#8217; D\u0130YE B\u0130RB\u0130RLER\u0130NE S\u00d6Z VEREN 24 YA\u015eINDAK\u0130 \u0130K\u0130Z KARDE\u015eLER MUSTAFA-ONUR \u0130B\u0130\u015e, G\u00d6N\u00dcLLER\u0130N\u0130 KAPTIRDIKLARI \u0130K\u0130Z KARDE\u015eLER DERYA VE H\u00dcLYA \u0130LE D\u00dcNYA EV\u0130NE G\u0130RD\u0130. CO\u015eKULU B\u0130R D\u00dc\u011e\u00dcN \u0130LE D\u00dcNYA EV\u0130NE G\u0130REN G\u0130REN \u0130K\u0130Z \u00c7\u0130FTLER, B\u00dcY\u00dcK MUTLULUK YA\u015eADI.<\/p>\n","protected":false},"author":1,"featured_media":0,"comment_status":"closed","ping_status":"open","sticky":false,"template":"","format":"standard","meta":{"jetpack_post_was_ever_published":false,"_jetpack_newsletter_access":"","_jetpack_dont_email_post_to_subs":false,"_jetpack_newsletter_tier_id":0,"_jetpack_memberships_contains_paywalled_content":false,"_jetpack_memberships_contains_paid_content":false,"footnotes":"","jetpack_publicize_message":"","jetpack_publicize_feature_enabled":true,"jetpack_social_post_already_shared":true,"jetpack_social_options":{"image_generator_settings":{"template":"highway","default_image_id":0,"font":"","enabled":false},"version":2}},"categories":[1],"tags":[14857,1073,11032,41492,4874],"class_list":["post-171766","post","type-post","status-publish","format-standard","hentry","category-genel","tag-evlendi","tag-ozel","tag-ikiz","tag-ikizlerle","tag-kardesler"],"jetpack_publicize_connections":[],"jetpack_featured_media_url":"","jetpack_sharing_enabled":true,"jetpack_shortlink":"https:\/\/wp.me\/paKIfm-IGq","_links":{"self":[{"href":"http:\/\/www.tvturk.com\/index.php\/wp-json\/wp\/v2\/posts\/171766","targetHints":{"allow":["GET"]}}],"collection":[{"href":"http:\/\/www.tvturk.com\/index.php\/wp-json\/wp\/v2\/posts"}],"about":[{"href":"http:\/\/www.tvturk.com\/index.php\/wp-json\/wp\/v2\/types\/post"}],"author":[{"embeddable":true,"href":"http:\/\/www.tvturk.com\/index.php\/wp-json\/wp\/v2\/users\/1"}],"replies":[{"embeddable":true,"href":"http:\/\/www.tvturk.com\/index.php\/wp-json\/wp\/v2\/comments?post=171766"}],"version-history":[{"count":0,"href":"http:\/\/www.tvturk.com\/index.php\/wp-json\/wp\/v2\/posts\/171766\/revisions"}],"wp:attachment":[{"href":"http:\/\/www.tvturk.com\/index.php\/wp-json\/wp\/v2\/media?parent=171766"}],"wp:term":[{"taxonomy":"category","embeddable":true,"href":"http:\/\/www.tvturk.com\/index.php\/wp-json\/wp\/v2\/categories?post=171766"},{"taxonomy":"post_tag","embeddable":true,"href":"http:\/\/www.tvturk.com\/index.php\/wp-json\/wp\/v2\/tags?post=171766"}],"curies":[{"name":"wp","href":"https:\/\/api.w.org\/{rel}","templated":true}]}}