{"id":171770,"date":"2019-06-20T13:47:31","date_gmt":"2019-06-20T10:47:31","guid":{"rendered":"http:\/\/www.tvturk.com\/index.php\/haluk-yildirim-hedefimiz-olimpiyatlara-ucuncu-kez-gitmek\/"},"modified":"2019-06-20T13:47:31","modified_gmt":"2019-06-20T10:47:31","slug":"haluk-yildirim-hedefimiz-olimpiyatlara-ucuncu-kez-gitmek","status":"publish","type":"post","link":"http:\/\/www.tvturk.com\/index.php\/haluk-yildirim-hedefimiz-olimpiyatlara-ucuncu-kez-gitmek\/","title":{"rendered":"Haluk Y\u0131ld\u0131r\u0131m: &#8220;Hedefimiz Olimpiyatlara \u00fc\u00e7\u00fcnc\u00fc kez gitmek&#8221;"},"content":{"rendered":"<p>T\u00fcrkiye Basketbol Federasyonu Milli Tak\u0131mlar Direkt\u00f6r\u00fc Haluk Y\u0131ld\u0131r\u0131m, Kad\u0131n Milli Tak\u0131m\u0131 olarak ilk hedeflerinin grubu lider bitirmek oldu\u011funu belirterek, \u201cKad\u0131n Milli Tak\u0131m\u0131m\u0131z iki kere Olimpiyatlara gitti. Hedefimiz \u00fc\u00e7\u00fcnc\u00fc kez gitmek. Bunun i\u00e7in Avrupa \u015eampiyonas\u0131\u2019nda ilk 6\u2019ya girmemiz laz\u0131m\u201d dedi.<\/p>\n<p>Letonya ve S\u0131rbistan\u2019\u0131n 27 Haziran &#8211; 7 Temmuz tarihlerinde ortak d\u00fczenleyece\u011fi 2019 FIBA Kad\u0131nlar Avrupa \u015eampiyonas\u0131\u2019nda yer alacak olan A Milli Kad\u0131n Basketbol Tak\u0131m\u0131, turnuva \u00f6ncesinde Sinan Erdem Spor Salonu\u2019nda medya g\u00fcn\u00fcnde bas\u0131n mensuplar\u0131 ile bulu\u015ftu. Burada a\u00e7\u0131klamalarda bulunan TBF Milli Tak\u0131mlar Direkt\u00f6r\u00fc Haluk Y\u0131ld\u0131r\u0131m, \u201cSay\u0131n ba\u015fkan\u0131m\u0131za te\u015fekk\u00fcr ediyoruz. Bizi burada yaln\u0131z b\u0131rakmad\u0131. 27 Haziran\u2019da Avrupa \u015eampiyonas\u0131 ba\u015fl\u0131yor. C Grubu\u2019ndaki ma\u00e7lar\u0131m\u0131z\u0131 Ni\u015f\u2019te oynayaca\u011f\u0131z. 27 Haziran \u0130talya, 28 Haziran Slovenya ve 30 Haziran\u2019daki Macaristan ma\u00e7\u0131 ile grup ma\u00e7lar\u0131m\u0131z\u0131 tamamlayaca\u011f\u0131z. \u0130lk hedefimiz grubu lider bitirmek. Direk \u00e7eyrek final oynayaca\u011f\u0131z. \u0130yi bir haz\u0131rl\u0131k d\u00f6nemi ge\u00e7irdik. 11 May\u0131s\u2019tan itibaren tam tak\u0131m olarak idmanlara ba\u015flam\u0131\u015ft\u0131k. Burada iki tane dev\u015firmek oyuncumuz var. Bu kadro ayn\u0131 \u015fekilde S\u0131rbistan\u2019a ge\u00e7ecek. Ay\u0131n 26\u2019s\u0131ndaki teknik toplant\u0131dan sonra kadromuz belli olacak. \u00c7ok \u015f\u00fck\u00fcr sakatl\u0131k ya\u015famad\u0131k. Kad\u0131n Milli Tak\u0131m\u0131m\u0131z iki kere Olimpiyatlara gitti. Hedefimiz \u00fc\u00e7\u00fcnc\u00fc kez gitmek. Bunun i\u00e7in Avrupa \u015eampiyonas\u0131\u2019nda ilk 6\u2019ya girmemiz laz\u0131m. \u0130n\u015fallah g\u00fczel bir turnuva ge\u00e7irece\u011fiz\u201d \u015feklinde konu\u015ftu.<\/p>\n","protected":false},"excerpt":{"rendered":"<p>T\u00dcRK\u0130YE BASKETBOL FEDERASYONU M\u0130LL\u0130 TAKIMLAR D\u0130REKT\u00d6R\u00dc HALUK YILDIRIM, KADIN M\u0130LL\u0130 TAKIMI OLARAK \u0130LK HEDEFLER\u0130N\u0130N GRUBU L\u0130DER B\u0130T\u0130RMEK OLDU\u011eUNU BEL\u0130RTEREK, \u201cKADIN M\u0130LL\u0130 TAKIMIMIZ \u0130K\u0130 KERE OL\u0130MP\u0130YATLARA G\u0130TT\u0130. HEDEF\u0130M\u0130Z \u00dc\u00c7\u00dcNC\u00dc KEZ G\u0130TMEK. BUNUN \u0130\u00c7\u0130N AVRUPA \u015eAMP\u0130YONASI\u2019NDA \u0130LK 6\u2019YA G\u0130RMEM\u0130Z LAZIM\u201d DED\u0130.<\/p>\n","protected":false},"author":1,"featured_media":0,"comment_status":"closed","ping_status":"open","sticky":false,"template":"","format":"standard","meta":{"jetpack_post_was_ever_published":false,"_jetpack_newsletter_access":"","_jetpack_dont_email_post_to_subs":false,"_jetpack_newsletter_tier_id":0,"_jetpack_memberships_contains_paywalled_content":false,"_jetpack_memberships_contains_paid_content":false,"footnotes":"","jetpack_publicize_message":"","jetpack_publicize_feature_enabled":true,"jetpack_social_post_already_shared":true,"jetpack_social_options":{"image_generator_settings":{"template":"highway","default_image_id":0,"font":"","enabled":false},"version":2}},"categories":[657],"tags":[5159,7375,5547,1497,31663,8655,376],"class_list":["post-171770","post","type-post","status-publish","format-standard","hentry","category-spor","tag-hedefimiz","tag-gitmek","tag-haluk","tag-kez","tag-olimpiyatlara","tag-ucuncu","tag-yildirim"],"jetpack_publicize_connections":[],"jetpack_featured_media_url":"","jetpack_sharing_enabled":true,"jetpack_shortlink":"https:\/\/wp.me\/paKIfm-IGu","_links":{"self":[{"href":"http:\/\/www.tvturk.com\/index.php\/wp-json\/wp\/v2\/posts\/171770","targetHints":{"allow":["GET"]}}],"collection":[{"href":"http:\/\/www.tvturk.com\/index.php\/wp-json\/wp\/v2\/posts"}],"about":[{"href":"http:\/\/www.tvturk.com\/index.php\/wp-json\/wp\/v2\/types\/post"}],"author":[{"embeddable":true,"href":"http:\/\/www.tvturk.com\/index.php\/wp-json\/wp\/v2\/users\/1"}],"replies":[{"embeddable":true,"href":"http:\/\/www.tvturk.com\/index.php\/wp-json\/wp\/v2\/comments?post=171770"}],"version-history":[{"count":0,"href":"http:\/\/www.tvturk.com\/index.php\/wp-json\/wp\/v2\/posts\/171770\/revisions"}],"wp:attachment":[{"href":"http:\/\/www.tvturk.com\/index.php\/wp-json\/wp\/v2\/media?parent=171770"}],"wp:term":[{"taxonomy":"category","embeddable":true,"href":"http:\/\/www.tvturk.com\/index.php\/wp-json\/wp\/v2\/categories?post=171770"},{"taxonomy":"post_tag","embeddable":true,"href":"http:\/\/www.tvturk.com\/index.php\/wp-json\/wp\/v2\/tags?post=171770"}],"curies":[{"name":"wp","href":"https:\/\/api.w.org\/{rel}","templated":true}]}}