{"id":171776,"date":"2019-06-20T14:01:49","date_gmt":"2019-06-20T11:01:49","guid":{"rendered":"http:\/\/www.tvturk.com\/index.php\/yuksek-hizli-tren-projesinde-gece-gunduz-mesai\/"},"modified":"2019-06-20T14:01:49","modified_gmt":"2019-06-20T11:01:49","slug":"yuksek-hizli-tren-projesinde-gece-gunduz-mesai","status":"publish","type":"post","link":"http:\/\/www.tvturk.com\/index.php\/yuksek-hizli-tren-projesinde-gece-gunduz-mesai\/","title":{"rendered":"Y\u00fcksek H\u0131zl\u0131 Tren Projesinde gece g\u00fcnd\u00fcz mesai"},"content":{"rendered":"<p>T\u00fcrkiye Cumhuriyeti Demir Yollar\u0131 (TCDD) taraf\u0131ndan y\u00fcr\u00fct\u00fclen en b\u00fcy\u00fck projelerden birisi olan Sivas-Ankara Y\u00fcksek H\u0131zl\u0131 Tren projesinde \u00e7al\u0131\u015fmalar 7 g\u00fcn 24 saat aral\u0131ks\u0131z s\u00fcrd\u00fcr\u00fcl\u00fcyor.<\/p>\n<p>Yakla\u015f\u0131k 10 milyar TL proje bedeli Sivas- Ankara Y\u00fcksek H\u0131zl\u0131 Tren (YHT) projesi g\u00fcnde 3 vardiyal\u0131 s\u00fcrd\u00fcr\u00fclen \u00e7al\u0131\u015fma ile 7 g\u00fcn 24 saat aral\u0131ks\u0131z olarak s\u00fcrd\u00fcr\u00fcl\u00fcyor. Sivas ile Ankara aras\u0131ndaki ula\u015f\u0131m s\u00fcresini 2 saate indirecek projede ilk test s\u00fcr\u00fc\u015flerinin 2019 y\u0131l\u0131 sonu ile 2020 y\u0131l\u0131n\u0131n ba\u015flar\u0131nda ger\u00e7ekle\u015ftirilmesi planlan\u0131yor. \u0130lk seferlerin ise 2020 y\u0131l\u0131n\u0131n ikici yar\u0131s\u0131nda ger\u00e7ekle\u015ftirilmesi hedefleniyor.<\/p>\n<p>Ola\u011fan\u00fcst\u00fc \u015fartlarda \u00e7al\u0131\u015f\u0131l\u0131yor<\/p>\n<p>Proje sahas\u0131nda s\u00fcrekli incelemelerde bulunan Sivas Valisi Salih Ayhan, \u0130HA\u2019ya yapt\u0131\u011f\u0131 a\u00e7\u0131klamada 24 saat boyunca 3 vardiyal\u0131 olarak \u00e7al\u0131\u015fmalar\u0131n s\u00fcrd\u00fcr\u00fcld\u00fc\u011f\u00fcn\u00fc s\u00f6yledi. Ayhan, \u201cSay\u0131n Cumhurba\u015fkan\u0131m\u0131z\u0131n 8 \u015eubat\u2019ta vurgulad\u0131\u011f\u0131 gibi o takvime uygun bir \u015fekilde ve ola\u011fan \u00fcst\u00fc \u015fartlarda, 24 saat 3 vardiya \u015feklinde \u00e7al\u0131\u015f\u0131larak Sivas ile Ankara aras\u0131ndaki bu a\u015fk, Ferhat ile \u015eirin\u2019in a\u015fk\u0131 gibi Ankara ile Sivas bulu\u015fturulacak. Arazi \u015fartlar\u0131 zor. Bu y\u0131l ola\u011fan\u00fcst\u00fc ya\u011f\u0131\u015flar oluyor. Yerk\u00f6y- Sivas aras\u0131nda ki, Yerk\u00f6y-Ankara aras\u0131ndaki \u00e7al\u0131\u015fmalar yo\u011fun bir \u015fekilde devam ediyor. Sadece bu b\u00f6lgede 5 tane t\u00fcnel var. Bunlardan 3\u2019\u00fc bitti 2\u2019si de ilerleyen a\u015famalarda tamamlanacak\u201d dedi.<\/p>\n<p>Hedeflenen s\u00fcre 2020<\/p>\n<p>Vali Ayhan, ilk seferi 2020 y\u0131l\u0131n\u0131n ikinci yar\u0131s\u0131nda ger\u00e7ekle\u015ftirmeyi hedeflediklerini belirterek, \u201cSivas bunu y\u0131llard\u0131r bekliyor.  \u0130n\u015fallah 2019 sonu 2020 ba\u015flar\u0131nda test s\u00fcr\u00fc\u015fleri ba\u015flayacak. 2020 ortas\u0131nda ve sonlar\u0131na do\u011fru da in\u015fallah seferler ba\u015flayacak.  TCDD Genel M\u00fcd\u00fcrl\u00fc\u011f\u00fcm\u00fcz\u00fcn  beklide en yo\u011fun \u015fekilde \u00e7al\u0131\u015ft\u0131\u011f\u0131 yerlerden birisi buras\u0131. M\u00fcteahhit firmalarda ger\u00e7ekten b\u00fcy\u00fck bir \u00f6zveri i\u00e7erisinde \u00e7al\u0131\u015f\u0131yor. Sivasl\u0131lar m\u00fcsterih olsunlar. Y\u00fcksek H\u0131zl\u0131 Tren ile 2020 y\u0131l\u0131n\u0131n ikinci yar\u0131s\u0131ndan sonra bulu\u015facaklar\u0131na ben inan\u0131yorum. \u00d6n\u00fcm\u00fcze ola\u011fan \u00fcst\u00fc bir engel \u00e7\u0131kmad\u0131\u011f\u0131 s\u00fcrece takvim buna uygun bir \u015fekilde devam edecektir\u201d diye konu\u015ftu.<\/p>\n<p>Sivas &#8211; Ankara 2 saat<\/p>\n<p>YHT ile Sivas ile Ankara aras\u0131ndaki ula\u015f\u0131m s\u00fcresinin  2 saate inece\u011fini hat\u0131rlatan Ayhan, \u201cY\u00fcksek h\u0131zl\u0131 trenin hayata ge\u00e7mesi ile Sivas\u2019\u0131n 2 hususta \u00f6nemli bir de\u011fi\u015fim ya\u015fayaca\u011f\u0131na inan\u0131yorum. Gerek soysa ekonomik anlamda, gerekse toplumsal de\u011fi\u015fim anlam\u0131nda de\u011fi\u015fimler ya\u015fayacak. Birisi Sivas ile Ankara aras\u0131ndaki zaman mesafesinin k\u0131salmas\u0131. Hafta sonlar\u0131nda Sivas\u2019ta \u00f6nemli bir yo\u011funluk olaca\u011f\u0131n\u0131 d\u00fc\u015f\u00fcn\u00fcyorum. Oteller dolacak, caddeler dolacak, Sivas\u2019\u0131m\u0131z zaten a\u00e7\u0131k hava m\u00fczesi halinde. Sivas ile Ankara aras\u0131ndaki ileti\u015fim daha da g\u00fc\u00e7lenmi\u015f olacak. Sivas ile \u0130stanbul aras\u0131ndaki ili\u015fkiler g\u00fc\u00e7lenmi\u015f olacak\u201d dedi.<\/p>\n<p>Turist say\u0131s\u0131 katlanacak<\/p>\n<p>Ayhan, YHT ile Sivas\u2019a gelen turist say\u0131s\u0131n\u0131n katlanarak artaca\u011f\u0131n\u0131 vurgulay\u0131p, Sivas\u2019\u0131n buna haz\u0131r olmas\u0131 gerekti\u011finin alt\u0131n\u0131 \u00e7izdi. Ayhan konuyla ilgili olarak \u015funlar\u0131 s\u00f6yledi:<\/p>\n<p>\u201c\u015eehrin bu de\u011fi\u015fime haz\u0131r olmas\u0131 laz\u0131m. Ben fiziki anlamda haz\u0131r oldu\u011fumuzu d\u00fc\u015f\u00fcnmekteyim. Ama fikir olarak da haz\u0131r olmam\u0131z gerekli. Fikir ve d\u00fc\u015f\u00fcnce anlam\u0131nda haz\u0131r m\u0131y\u0131z? Bunu tart\u0131\u015fmam\u0131z gerekiyor. Sivas\u2019a y\u0131lda ortalama 600 bin civar\u0131nda turist gelmekte. Y\u00fcksek h\u0131zl\u0131 tren ile bu rakam\u0131n 3 milyona kadar \u00e7\u0131kabilece\u011fini d\u00fc\u015f\u00fcnmekteyim.&#8221;<\/p>\n","protected":false},"excerpt":{"rendered":"<p>T\u00dcRK\u0130YE CUMHUR\u0130YET\u0130 DEM\u0130R YOLLARI (TCDD)TARAFINDAN Y\u00dcR\u00dcT\u00dcLEN EN B\u00dcY\u00dcK PROJELERDEN B\u0130R\u0130S\u0130 OLAN S\u0130VAS- ANKARA Y\u00dcKSEK HIZLI T\u0130REN PROJES\u0130NDE \u00c7ALI\u015eMALAR 7 G\u00dcN 23 SAAT ARALIKSIZ S\u00dcRD\u00dcR\u00dcL\u00dcYOR.<\/p>\n","protected":false},"author":1,"featured_media":0,"comment_status":"closed","ping_status":"open","sticky":false,"template":"","format":"standard","meta":{"jetpack_post_was_ever_published":false,"_jetpack_newsletter_access":"","_jetpack_dont_email_post_to_subs":false,"_jetpack_newsletter_tier_id":0,"_jetpack_memberships_contains_paywalled_content":false,"_jetpack_memberships_contains_paid_content":false,"footnotes":"","jetpack_publicize_message":"","jetpack_publicize_feature_enabled":true,"jetpack_social_post_already_shared":true,"jetpack_social_options":{"image_generator_settings":{"template":"highway","default_image_id":0,"font":"","enabled":false},"version":2}},"categories":[1],"tags":[1501,4341,5043,5053,2260,5044,3448],"class_list":["post-171776","post","type-post","status-publish","format-standard","hentry","category-genel","tag-gece","tag-gunduz","tag-hizli","tag-mesai","tag-projesinde","tag-tren","tag-yuksek"],"jetpack_publicize_connections":[],"jetpack_featured_media_url":"","jetpack_sharing_enabled":true,"jetpack_shortlink":"https:\/\/wp.me\/paKIfm-IGA","_links":{"self":[{"href":"http:\/\/www.tvturk.com\/index.php\/wp-json\/wp\/v2\/posts\/171776","targetHints":{"allow":["GET"]}}],"collection":[{"href":"http:\/\/www.tvturk.com\/index.php\/wp-json\/wp\/v2\/posts"}],"about":[{"href":"http:\/\/www.tvturk.com\/index.php\/wp-json\/wp\/v2\/types\/post"}],"author":[{"embeddable":true,"href":"http:\/\/www.tvturk.com\/index.php\/wp-json\/wp\/v2\/users\/1"}],"replies":[{"embeddable":true,"href":"http:\/\/www.tvturk.com\/index.php\/wp-json\/wp\/v2\/comments?post=171776"}],"version-history":[{"count":0,"href":"http:\/\/www.tvturk.com\/index.php\/wp-json\/wp\/v2\/posts\/171776\/revisions"}],"wp:attachment":[{"href":"http:\/\/www.tvturk.com\/index.php\/wp-json\/wp\/v2\/media?parent=171776"}],"wp:term":[{"taxonomy":"category","embeddable":true,"href":"http:\/\/www.tvturk.com\/index.php\/wp-json\/wp\/v2\/categories?post=171776"},{"taxonomy":"post_tag","embeddable":true,"href":"http:\/\/www.tvturk.com\/index.php\/wp-json\/wp\/v2\/tags?post=171776"}],"curies":[{"name":"wp","href":"https:\/\/api.w.org\/{rel}","templated":true}]}}