{"id":171792,"date":"2019-06-20T14:02:44","date_gmt":"2019-06-20T11:02:44","guid":{"rendered":"http:\/\/www.tvturk.com\/index.php\/a-milli-kadin-basketbol-takimi-hazirliklarina-devam-etti\/"},"modified":"2019-06-20T14:02:44","modified_gmt":"2019-06-20T11:02:44","slug":"a-milli-kadin-basketbol-takimi-hazirliklarina-devam-etti","status":"publish","type":"post","link":"http:\/\/www.tvturk.com\/index.php\/a-milli-kadin-basketbol-takimi-hazirliklarina-devam-etti\/","title":{"rendered":"A Milli Kad\u0131n Basketbol Tak\u0131m\u0131 haz\u0131rl\u0131klar\u0131na devam etti"},"content":{"rendered":"<p>2019 FIBA Kad\u0131nlar Avrupa \u015eampiyonas\u0131 \u00f6ncesinde haz\u0131rl\u0131klar\u0131n\u0131 s\u00fcrd\u00fcren A Milli Kad\u0131n Basketbol Tak\u0131m\u0131, Sinan Erdem Spor Salonu\u2019nda \u00e7al\u0131\u015ft\u0131.<\/p>\n<p>Letonya ve S\u0131rbistan\u2019\u0131n 27 Haziran &#8211; 7 Temmuz tarihlerinde ortak d\u00fczenleyece\u011fi 2019 FIBA Kad\u0131nlar Avrupa \u015eampiyonas\u0131\u2019nda yer alan A Milli Kad\u0131n Basketbol Tak\u0131m\u0131, haz\u0131rl\u0131klar\u0131n\u0131 s\u00fcrd\u00fcr\u00fcyor. \u00c7al\u0131\u015fmalar\u0131na \u0130stanbul\u2019da devam eden milliler, Ba\u015fantren\u00f6r Ceyhun Y\u0131ld\u0131zo\u011flu y\u00f6netiminde Sinan Erdem Spor Salonu\u2019nda antrenman yapt\u0131. Bas\u0131na a\u00e7\u0131k b\u00f6l\u00fcmde ay-y\u0131ld\u0131zl\u0131lar \u0131s\u0131nma hareketleri ve ko\u015fu \u00e7al\u0131\u015fmas\u0131 ger\u00e7ekle\u015ftirdi.<\/p>\n<p>Milliler, Avrupa \u015eampiyonas\u0131\u2019nda C Grubu\u2019nda \u0130talya, Slovenya ve Macaristan ile kar\u015f\u0131 kar\u015f\u0131ya gelecek.<\/p>\n","protected":false},"excerpt":{"rendered":"<p>2019 FIBA KADINLAR AVRUPA \u015eAMP\u0130YONASI \u00d6NCES\u0130NDE HAZIRLIKLARINI S\u00dcRD\u00dcREN A M\u0130LL\u0130 KADIN BASKETBOL TAKIMI, S\u0130NAN ERDEM SPOR SALONU&#8217;NDA \u00c7ALI\u015eTI.<\/p>\n","protected":false},"author":1,"featured_media":0,"comment_status":"closed","ping_status":"open","sticky":false,"template":"","format":"standard","meta":{"jetpack_post_was_ever_published":false,"_jetpack_newsletter_access":"","_jetpack_dont_email_post_to_subs":false,"_jetpack_newsletter_tier_id":0,"_jetpack_memberships_contains_paywalled_content":false,"_jetpack_memberships_contains_paid_content":false,"footnotes":"","jetpack_publicize_message":"","jetpack_publicize_feature_enabled":true,"jetpack_social_post_already_shared":true,"jetpack_social_options":{"image_generator_settings":{"template":"highway","default_image_id":0,"font":"","enabled":false},"version":2}},"categories":[657],"tags":[3879,522,207,778,108,429,1462],"class_list":["post-171792","post","type-post","status-publish","format-standard","hentry","category-spor","tag-basketbol","tag-devam","tag-etti","tag-hazirliklarina","tag-kadin","tag-milli","tag-takimi"],"jetpack_publicize_connections":[],"jetpack_featured_media_url":"","jetpack_sharing_enabled":true,"jetpack_shortlink":"https:\/\/wp.me\/paKIfm-IGQ","_links":{"self":[{"href":"http:\/\/www.tvturk.com\/index.php\/wp-json\/wp\/v2\/posts\/171792","targetHints":{"allow":["GET"]}}],"collection":[{"href":"http:\/\/www.tvturk.com\/index.php\/wp-json\/wp\/v2\/posts"}],"about":[{"href":"http:\/\/www.tvturk.com\/index.php\/wp-json\/wp\/v2\/types\/post"}],"author":[{"embeddable":true,"href":"http:\/\/www.tvturk.com\/index.php\/wp-json\/wp\/v2\/users\/1"}],"replies":[{"embeddable":true,"href":"http:\/\/www.tvturk.com\/index.php\/wp-json\/wp\/v2\/comments?post=171792"}],"version-history":[{"count":0,"href":"http:\/\/www.tvturk.com\/index.php\/wp-json\/wp\/v2\/posts\/171792\/revisions"}],"wp:attachment":[{"href":"http:\/\/www.tvturk.com\/index.php\/wp-json\/wp\/v2\/media?parent=171792"}],"wp:term":[{"taxonomy":"category","embeddable":true,"href":"http:\/\/www.tvturk.com\/index.php\/wp-json\/wp\/v2\/categories?post=171792"},{"taxonomy":"post_tag","embeddable":true,"href":"http:\/\/www.tvturk.com\/index.php\/wp-json\/wp\/v2\/tags?post=171792"}],"curies":[{"name":"wp","href":"https:\/\/api.w.org\/{rel}","templated":true}]}}