{"id":171794,"date":"2019-06-20T14:02:47","date_gmt":"2019-06-20T11:02:47","guid":{"rendered":"http:\/\/www.tvturk.com\/index.php\/evkur-yeni-malatyaspor-murat-yildirim-ile-sozlesme-yeniledi\/"},"modified":"2019-06-20T14:02:47","modified_gmt":"2019-06-20T11:02:47","slug":"evkur-yeni-malatyaspor-murat-yildirim-ile-sozlesme-yeniledi","status":"publish","type":"post","link":"http:\/\/www.tvturk.com\/index.php\/evkur-yeni-malatyaspor-murat-yildirim-ile-sozlesme-yeniledi\/","title":{"rendered":"Evkur Yeni Malatyaspor, Murat Y\u0131ld\u0131r\u0131m ile s\u00f6zle\u015fme yeniledi"},"content":{"rendered":"<p>Evkur Yeni Malatyaspor\u2019un s\u00f6zle\u015fme yeniledi\u011fi \u2018Atom Kar\u0131nca\u2019 lakapl\u0131 orta saha oyuncusu Murat Y\u0131ld\u0131r\u0131m, &#8220;Adil ba\u015fkan aray\u0131p seninle devam etmek istiyoruz deyince, mutlulu\u011fumu gizleme gereksinimi bile duymad\u0131m. Ba\u015fka teklifler de vard\u0131 ama benim tercihim kul\u00fcb\u00fcm oldu&#8221; dedi.<\/p>\n<p>Evkur Yeni Malatyaspor\u2019un i\u00e7 transferde yeniden anla\u015farak 2 y\u0131ll\u0131k s\u00f6zle\u015fme imzalad\u0131\u011f\u0131 orta saha oyuncusu Murat Y\u0131ld\u0131r\u0131m, ailesiyle birlikte tatilini ge\u00e7irdi\u011fi Hollanda\u2019da \u0130HA muhabirinin sorular\u0131n\u0131 yan\u0131tlad\u0131. Tecr\u00fcbeli orta saha oyuncusu Murat, ba\u015fka tak\u0131mlardan da teklif olmas\u0131na ra\u011fmen, hi\u00e7 d\u00fc\u015f\u00fcnmeden sar\u0131-k\u0131rm\u0131z\u0131l\u0131 y\u00f6netimden gelen \u20182 y\u0131l daha bizimle kal\u2019 teklifine evet dedi\u011fini belirtti.<\/p>\n<p>&#8220;2 bu\u00e7uk y\u0131l hakikaten dolu dolu ge\u00e7ti&#8221;<\/p>\n<p>Ailesiyle birlikte Hollanda\u2019da tatilini ge\u00e7irdi\u011fini ve 25 Haziran\u2019da T\u00fcrkiye\u2019ye d\u00f6nerek kamp \u00e7al\u0131\u015fmalar\u0131na kat\u0131laca\u011f\u0131n\u0131 kaydeden Murat Y\u0131ld\u0131r\u0131m, &#8220;Malatya\u2019da bulundu\u011fum 2 bu\u00e7uk y\u0131l hakikaten dolu dolu ge\u00e7ti. A\u00e7\u0131k\u00e7as\u0131 bu sezon s\u00f6zle\u015fmem sona erip, oradan ayr\u0131l\u0131rken \u00fcz\u00fclmedim de\u011fil. Sonu\u00e7ta baz\u0131 al\u0131\u015fkanl\u0131klar ediniyorsunuz ve o al\u0131\u015fkanl\u0131klardan kopmak sizi rahats\u0131z ediyor. Adil ba\u015fkan aray\u0131p seninle devam etmek istiyoruz deyince, mutlulu\u011fumu gizleme gereksinimi bile duymad\u0131m. Beni tan\u0131yan bilir, hi\u00e7 zaman gereksiz s\u00f6z konu\u015fup, olumsuz davranmak gibi bir durumum olmad\u0131. A\u00e7\u0131k\u00e7as\u0131 birka\u00e7 tak\u0131mdan daha teklifler vard\u0131. Ama benim tercihim kul\u00fcb\u00fcm oldu. Bu anlamda beni tekrar bu b\u00fcy\u00fck camiada g\u00f6rmek isteyen ba\u015fta y\u00f6netimimiz olmak \u00fczere, kul\u00fcp profesyonellerimiz ve elbette ki taraftar\u0131m\u0131za sonsuz te\u015fekk\u00fcrlerimi sunuyorum&#8221; dedi.<\/p>\n<p>&#8220;Avrupa ser\u00fcveni zor olacakt\u0131r&#8221;<\/p>\n<p>32 ya\u015f\u0131ndaki deneyimli futbolcu tak\u0131m\u0131n Avrupa Kupalar\u0131na kat\u0131lacak olmas\u0131yla ilgili de konu\u015farak, \u015funlar\u0131 s\u00f6yledi:<\/p>\n<p>&#8220;Ge\u00e7en sezon iyi i\u015fler yapt\u0131\u011f\u0131m\u0131za inan\u0131yorum. T\u00fcrkiye Kupas\u0131\u2019nda yar\u0131 final, ligde be\u015fincilik hi\u00e7te yabana at\u0131l\u0131r bir derece de\u011fil. Zaten bunun sonucunda Avrupa Kupalar\u0131na kat\u0131lma hakk\u0131 elde ettik. Rakibimiz de belli oldu gibi. Avrupa ser\u00fcveni zor olacakt\u0131r. Hem ligde, hem orada daha \u00e7ok \u00e7al\u0131\u015fmam\u0131z gerekiyor elbette. Bunun handikaplar\u0131n\u0131 ya\u015famamak ad\u0131na geni\u015f bir kadromuzun olmas\u0131 konusu \u00e7ok \u00f6nemli. Zaten \u00e7ok ba\u015far\u0131l\u0131 bir teknik adamla anla\u015f\u0131ld\u0131. Y\u00f6netimimizin de ona g\u00f6re transferler yapaca\u011f\u0131n\u0131 d\u00fc\u015f\u00fcn\u00fcyorum. \u0130n\u015fallah yeni sezona bize hay\u0131rlar ve g\u00fczellikler getirir.&#8221;<\/p>\n","protected":false},"excerpt":{"rendered":"<p>EVKUR YEN\u0130 MALATYASPOR\u2019UN S\u00d6ZLE\u015eME YEN\u0130LED\u0130\u011e\u0130 \u2018ATOM KARINCA\u2019 LAKAPLI ORTA SAHA OYUNCUSU MURAT YILDIRIM, \u201cAD\u0130L BA\u015eKAN ARAYIP SEN\u0130NLE DEVAM ETMEK \u0130ST\u0130YORUZ DEY\u0130NCE, MUTLULU\u011eUMU G\u0130ZLEME GEREKS\u0130N\u0130M\u0130 B\u0130LE DUYMADIM. BA\u015eKA TEKL\u0130FLER DE VARDI AMA BEN\u0130M TERC\u0130H\u0130M KUL\u00dcB\u00dcM OLDU\u201d DED\u0130.<\/p>\n","protected":false},"author":1,"featured_media":0,"comment_status":"closed","ping_status":"open","sticky":false,"template":"","format":"standard","meta":{"jetpack_post_was_ever_published":false,"_jetpack_newsletter_access":"","_jetpack_dont_email_post_to_subs":false,"_jetpack_newsletter_tier_id":0,"_jetpack_memberships_contains_paywalled_content":false,"_jetpack_memberships_contains_paid_content":false,"footnotes":"","jetpack_publicize_message":"","jetpack_publicize_feature_enabled":true,"jetpack_social_post_already_shared":true,"jetpack_social_options":{"image_generator_settings":{"template":"highway","default_image_id":0,"font":"","enabled":false},"version":2}},"categories":[657],"tags":[14168,192,528,908,4475,87,4445,376],"class_list":["post-171794","post","type-post","status-publish","format-standard","hentry","category-spor","tag-evkur","tag-ile","tag-malatyaspor","tag-murat","tag-sozlesme","tag-yeni","tag-yeniledi","tag-yildirim"],"jetpack_publicize_connections":[],"jetpack_featured_media_url":"","jetpack_sharing_enabled":true,"jetpack_shortlink":"https:\/\/wp.me\/paKIfm-IGS","_links":{"self":[{"href":"http:\/\/www.tvturk.com\/index.php\/wp-json\/wp\/v2\/posts\/171794","targetHints":{"allow":["GET"]}}],"collection":[{"href":"http:\/\/www.tvturk.com\/index.php\/wp-json\/wp\/v2\/posts"}],"about":[{"href":"http:\/\/www.tvturk.com\/index.php\/wp-json\/wp\/v2\/types\/post"}],"author":[{"embeddable":true,"href":"http:\/\/www.tvturk.com\/index.php\/wp-json\/wp\/v2\/users\/1"}],"replies":[{"embeddable":true,"href":"http:\/\/www.tvturk.com\/index.php\/wp-json\/wp\/v2\/comments?post=171794"}],"version-history":[{"count":0,"href":"http:\/\/www.tvturk.com\/index.php\/wp-json\/wp\/v2\/posts\/171794\/revisions"}],"wp:attachment":[{"href":"http:\/\/www.tvturk.com\/index.php\/wp-json\/wp\/v2\/media?parent=171794"}],"wp:term":[{"taxonomy":"category","embeddable":true,"href":"http:\/\/www.tvturk.com\/index.php\/wp-json\/wp\/v2\/categories?post=171794"},{"taxonomy":"post_tag","embeddable":true,"href":"http:\/\/www.tvturk.com\/index.php\/wp-json\/wp\/v2\/tags?post=171794"}],"curies":[{"name":"wp","href":"https:\/\/api.w.org\/{rel}","templated":true}]}}