{"id":171808,"date":"2019-06-20T14:16:42","date_gmt":"2019-06-20T11:16:42","guid":{"rendered":"http:\/\/www.tvturk.com\/index.php\/turkiyenin-cicek-bahcesi-isparta-icin-sosyal-medyada-lavanta-daveti\/"},"modified":"2019-06-20T14:16:42","modified_gmt":"2019-06-20T11:16:42","slug":"turkiyenin-cicek-bahcesi-isparta-icin-sosyal-medyada-lavanta-daveti","status":"publish","type":"post","link":"http:\/\/www.tvturk.com\/index.php\/turkiyenin-cicek-bahcesi-isparta-icin-sosyal-medyada-lavanta-daveti\/","title":{"rendered":"T\u00fcrkiye\u2019nin \u00e7i\u00e7ek bah\u00e7esi Isparta i\u00e7in sosyal medyada lavanta daveti"},"content":{"rendered":"<p>D\u00fcnya g\u00fcl ya\u011f\u0131 \u00fcretiminin y\u00fczde 65\u2019ini, T\u00fcrkiye\u2019nin lavanta ihtiyac\u0131n\u0131n da y\u00fczde 80\u2019lik k\u0131sm\u0131n\u0131 tek ba\u015f\u0131na kar\u015f\u0131layan Isparta\u2019da valilik taraf\u0131ndan yakla\u015f\u0131k lavanta sezonu \u00f6ncesinde 1 dakikal\u0131k video haz\u0131rland\u0131. K\u0131sa videoda say\u0131l\u0131 g\u00fcnler kalan lavanta sezonu \u00f6ncesinde, g\u00f6rsel \u015f\u00f6len ve hasad\u0131 yerinde ke\u015ffetmek isteyenler Isparta\u2019ya davet edildi.<\/p>\n<p>G\u00fclde marka haline gelen Isparta\u2019n\u0131n marka haline lavantas\u0131 i\u00e7in haz\u0131rlanan videoda ayr\u0131ca, S\u00fct\u00e7\u00fcler Yaz\u0131l\u0131 Kanyon Tabiat Park\u0131\u2019ndan, E\u011firdir G\u00f6l\u00fc, Davraz Kayak Merkezi, K\u0131z\u0131lda\u011f Milli Park\u0131 ve lavanta bah\u00e7eleri ile g\u00f6rsel \u015f\u00f6len i\u00e7erek gibi bir\u00e7ok do\u011fal g\u00fczellik g\u00f6rseli yer ald\u0131.<\/p>\n<p>\u201cBuras\u0131 T\u00fcrkiye\u2019nin Lavanta Vadisi\u201d<\/p>\n<p>Son d\u00f6nemde T\u00fcrkiye\u2019nin \u00e7i\u00e7ek bah\u00e7esi olarak an\u0131lan Isparta\u2019n\u0131n do\u011fal g\u00fczelliklerinin k\u0131sa k\u0131sa yer ald\u0131\u011f\u0131 videoda Isparta i\u00e7in, \u201c\u00d6yle g\u00fczellikler vard\u0131r ki bu topraklarda, saymakla bitiremezsiniz. Buras\u0131, do\u011fan\u0131n t\u00fcm g\u00fczelli\u011fini, ihti\u015fam\u0131n\u0131 ve tutkular\u0131n\u0131 b\u00fcnyesinde s\u0131r gibi saklayan bir \u015fehir\u201d yorumu yap\u0131ld\u0131.<\/p>\n<p>\u201cBu e\u015fsiz \u015fehir, \u015fimdi lavanta \u015f\u00f6lenine haz\u0131rlan\u0131yor\u201d seslendirmesiyle devam eden k\u0131sa video g\u00f6rselinde lavanta sezonuna dikkat \u00e7ekilerek, \u201cFoto\u011fraf tutkunlar\u0131n\u0131n, hayat\u0131 payla\u015fanlar\u0131n ve mutlu yar\u0131nlara ko\u015fanlar\u0131n vazge\u00e7ilmez adresi, buras\u0131 T\u00fcrkiye\u2019nin Lavanta Vadisi. Gelin, do\u011fan\u0131n s\u0131rlar\u0131n\u0131 bu mor vadide ke\u015ffedin\u201d denildi.<\/p>\n<p>Isparta Valili\u011fi\u2019nin resmi sosyal medya hesaplar\u0131ndan payla\u015f\u0131lan video, k\u0131sa s\u00fcre i\u00e7erisinde \u00e7ok say\u0131da kez be\u011fenilerek payla\u015f\u0131ld\u0131.<\/p>\n","protected":false},"excerpt":{"rendered":"<p>D\u00dcNYA G\u00dcL YA\u011eI \u00dcRET\u0130M\u0130N\u0130N Y\u00dcZDE 65\u2019\u0130N\u0130, T\u00dcRK\u0130YE\u2019N\u0130N LAVANTA \u0130HT\u0130YACININ DA Y\u00dcZDE 80\u2019L\u0130K KISMINI TEK BA\u015eINA KAR\u015eILAYAN ISPARTA\u2019DA VAL\u0130L\u0130K TARAFINDAN YAKLA\u015eIK LAVANTA SEZONU \u00d6NCES\u0130NDE 1 DAK\u0130KALIK V\u0130DEO HAZIRLANDI.<\/p>\n","protected":false},"author":1,"featured_media":0,"comment_status":"closed","ping_status":"open","sticky":false,"template":"","format":"standard","meta":{"jetpack_post_was_ever_published":false,"_jetpack_newsletter_access":"","_jetpack_dont_email_post_to_subs":false,"_jetpack_newsletter_tier_id":0,"_jetpack_memberships_contains_paywalled_content":false,"_jetpack_memberships_contains_paid_content":false,"footnotes":"","jetpack_publicize_message":"","jetpack_publicize_feature_enabled":true,"jetpack_social_post_already_shared":true,"jetpack_social_options":{"image_generator_settings":{"template":"highway","default_image_id":0,"font":"","enabled":false},"version":2}},"categories":[1],"tags":[33462,3277,1654,13591,44,6796,7008,1229,177],"class_list":["post-171808","post","type-post","status-publish","format-standard","hentry","category-genel","tag-lavanta","tag-bahcesi","tag-cicek","tag-daveti","tag-icin","tag-isparta","tag-medyada","tag-sosyal","tag-turkiyenin"],"jetpack_publicize_connections":[],"jetpack_featured_media_url":"","jetpack_sharing_enabled":true,"jetpack_shortlink":"https:\/\/wp.me\/paKIfm-IH6","_links":{"self":[{"href":"http:\/\/www.tvturk.com\/index.php\/wp-json\/wp\/v2\/posts\/171808","targetHints":{"allow":["GET"]}}],"collection":[{"href":"http:\/\/www.tvturk.com\/index.php\/wp-json\/wp\/v2\/posts"}],"about":[{"href":"http:\/\/www.tvturk.com\/index.php\/wp-json\/wp\/v2\/types\/post"}],"author":[{"embeddable":true,"href":"http:\/\/www.tvturk.com\/index.php\/wp-json\/wp\/v2\/users\/1"}],"replies":[{"embeddable":true,"href":"http:\/\/www.tvturk.com\/index.php\/wp-json\/wp\/v2\/comments?post=171808"}],"version-history":[{"count":0,"href":"http:\/\/www.tvturk.com\/index.php\/wp-json\/wp\/v2\/posts\/171808\/revisions"}],"wp:attachment":[{"href":"http:\/\/www.tvturk.com\/index.php\/wp-json\/wp\/v2\/media?parent=171808"}],"wp:term":[{"taxonomy":"category","embeddable":true,"href":"http:\/\/www.tvturk.com\/index.php\/wp-json\/wp\/v2\/categories?post=171808"},{"taxonomy":"post_tag","embeddable":true,"href":"http:\/\/www.tvturk.com\/index.php\/wp-json\/wp\/v2\/tags?post=171808"}],"curies":[{"name":"wp","href":"https:\/\/api.w.org\/{rel}","templated":true}]}}