{"id":171830,"date":"2019-06-20T14:46:27","date_gmt":"2019-06-20T11:46:27","guid":{"rendered":"http:\/\/www.tvturk.com\/index.php\/gida-makinesi-uretene-devlet-destegi-olmali\/"},"modified":"2019-06-20T14:46:27","modified_gmt":"2019-06-20T11:46:27","slug":"gida-makinesi-uretene-devlet-destegi-olmali","status":"publish","type":"post","link":"http:\/\/www.tvturk.com\/index.php\/gida-makinesi-uretene-devlet-destegi-olmali\/","title":{"rendered":"G\u0131da makinesi \u00fcretene devlet deste\u011fi olmal\u0131"},"content":{"rendered":"<p>\u015eehirlerde h\u0131zl\u0131 n\u00fcfus art\u0131\u015f\u0131 ve sanayile\u015fmeye ba\u011fl\u0131 olarak b\u00fcy\u00fcyen haz\u0131r yemek (catering) sekt\u00f6r\u00fc, \u00fcretim s\u0131ras\u0131nda kulland\u0131klar\u0131 makinelerin ithal olmas\u0131 sebebiyle ilk yat\u0131r\u0131m ve servis maliyetlerinin y\u00fcksek olmas\u0131ndan yak\u0131n\u0131yor. Sekt\u00f6r temsilcileri ya\u015fad\u0131klar\u0131 s\u0131k\u0131nt\u0131n\u0131n \u00e7\u00f6z\u00fcm\u00fcn\u00fcn yerli g\u0131da makine \u00fcretiminin devlet taraf\u0131ndan desteklenmesinden ge\u00e7ti\u011fini savunuyor.<\/p>\n<p>Bursa Yemek Sanayicileri Derne\u011fi (BUYSAD) Ba\u015fkan\u0131 Co\u015fkun D\u00f6nmez, catering sekt\u00f6r\u00fcn\u00fcn meselelerini de\u011ferlendirdi. Co\u015fkun D\u00f6nmez, k\u00e2rl\u0131l\u0131\u011f\u0131n\u0131n d\u00fc\u015f\u00fck olmas\u0131 sebebi ile sekt\u00f6rde faaliyet g\u00f6steren firmalar\u0131n, makinele\u015fmeyi ikinci hatta \u00fc\u00e7\u00fcnc\u00fc s\u0131ralara b\u0131rakt\u0131klar\u0131n\u0131 ancak meslekta\u015flar\u0131n\u0131n h\u0131zla bu i\u015fe \u00f6ncelik vermeleri gerekti\u011fini s\u00f6yledi. Sekt\u00f6rde istihdam edilecek personel bulmakta giderek zorland\u0131klar\u0131na vurgu yapan Co\u015fkun D\u00f6nmez, \u201cEmek yo\u011fun bir sekt\u00f6r\u00fcz. Fakat giderek \u00e7al\u0131\u015ft\u0131racak personel bulmakta zorlan\u0131yoruz. BUYSAD olarak meseleyi a\u015fabilmek i\u00e7in BTSO, \u0130\u015eKUR ve Milli E\u011fitim Bakanl\u0131\u011f\u0131 ile \u00e7er\u00e7eve anla\u015fmalar\u0131 yapt\u0131k. Fakat bunlar yeterli de\u011fil. Yak\u0131n bir gelecektedaha az personel ile daha \u00e7ok i\u015f yapmak zorunda kalaca\u011f\u0131z. H\u0131zla b\u00fcy\u00fcyen meselesini a\u015fabilmek i\u00e7in sekt\u00f6r\u00fcm\u00fcz\u00fcn h\u0131zl\u0131 bir \u015fekilde standardizasyona ve makinele\u015fmeye gitmesi \u015fart\u201d dedi.<\/p>\n<p>Co\u015fkun D\u00f6nmez, Catering sekt\u00f6r\u00fcnde imalat a\u015famas\u0131nda kullan\u0131lan makinelerin temininde yurtd\u0131\u015f\u0131na ba\u011fl\u0131 olmalar\u0131n\u0131n, y\u00fcksek maliyetleri beraberinde getirdi\u011fini de s\u00f6yledi. Ba\u015fkan D\u00f6nmez, makinele\u015fme ve teknoloji transferi i\u00e7in b\u00fcy\u00fck maliyetlere katlanmak zorunda kald\u0131klar\u0131n\u0131 belirterek, \u00fcretimde kullan\u0131lan makinelerin b\u00fcy\u00fck bir k\u0131sm\u0131n\u0131 yurtd\u0131\u015f\u0131ndan temin ettiklerinin alt\u0131n\u0131 \u00e7izdi.<\/p>\n<p>Y\u00fcksek verimlilikte ve kalitede \u00fcretim yapabilmek i\u00e7in \u00e7e\u015fitli makineler kulland\u0131klar\u0131n\u0131 ifade eden Co\u015fkun D\u00f6nmez, \u201cY\u00fcksek bedeller ile ithal etti\u011fimiz makineler ar\u0131zaland\u0131\u011f\u0131nda da hem par\u00e7as\u0131n\u0131, hem teknik ekibi yurtd\u0131\u015f\u0131ndan getiriyoruz. Yedek par\u00e7an\u0131n geli\u015f s\u00fcresinin uzamas\u0131, teknik ekibin yol, yemek ve konuklama masraflar\u0131, bize y\u00fcksek maliyete olarak geri d\u00f6n\u00fcyor. Bu durum sekt\u00f6r\u00fcm\u00fcz\u00fcn makinele\u015fmesinde ciddi s\u0131k\u0131nt\u0131lara sebebiyet veriyor\u201d dedi.<\/p>\n<p>Bursa da \u00f6zellikle sac \u015fekillendirme ve i\u015fleme alanlar\u0131nda makine \u00fcreticilerinin yo\u011funla\u015ft\u0131\u011f\u0131n\u0131 belirten Co\u015fkun D\u00f6nmez, g\u0131da makineleri \u00f6zellikle de yemek sanayii ihtiya\u00e7lar\u0131na y\u00f6nelik makine tasarlayan ve \u00fcreten firmalar\u0131n, makinele\u015fme konusunda bu b\u00e2kir alana yat\u0131r\u0131m yapmalar\u0131n\u0131n lehlerine olaca\u011f\u0131n\u0131 ifade etti.<\/p>\n<p>Devletin yerli g\u0131da makinesi \u00fcretimini te\u015fvik etmesi gerekti\u011fine de dikkat \u00e7eken Co\u015fkun D\u00f6nmez, T\u00fcrk makina sanayiinin, her t\u00fcrl\u00fc par\u00e7a ve aksam\u0131n y\u00fcksek kalitede ve rekabet edebilir fiyatlarda \u00fcretimini yapabilme kapasitesine sahip oldu\u011funun alt\u0131n\u0131 \u00e7izdi. Ba\u015fkan D\u00f6nmez, yerli makine \u00fcreticilerinin haz\u0131r yemek sanayi ile i\u015f birli\u011fine gitmeleri gerekti\u011fini de belirterek, \u201cBirlikte ihtiya\u00e7 analizi yapmal\u0131y\u0131z. Makine sanayii bu alanda AR-GE \u00e7al\u0131\u015fmalar\u0131n\u0131 yo\u011funla\u015ft\u0131rmal\u0131, Devlet de hem yerli makine \u00fcretimi yapan firmalar\u0131, hem de haz\u0131r yemek sanayi firmalar\u0131n\u0131 makinele\u015fme konusunda te\u015fvik etmelidir. Y\u00fcksek teknoloji destekli makinele\u015fme, iki sekt\u00f6r\u00fcn \u00f6n\u00fcn\u00fc a\u00e7makla kalmaz, bu alanda faaliyet g\u00f6steren firmalar\u0131n yurtd\u0131\u015f\u0131na y\u00f6nelmesine de b\u00fcy\u00fck katk\u0131 sa\u011flar\u201d dedi.<\/p>\n","protected":false},"excerpt":{"rendered":"<p>BURSA YEMEK SANAY\u0130C\u0130LER\u0130 DERNE\u011e\u0130 (BUYSAD) BA\u015eKANI CO\u015eKUN D\u00d6NMEZ, CATER\u0130NG SEKT\u00d6R\u00dcN\u00dcN MESELELER\u0130N\u0130 DE\u011eERLEND\u0130RD\u0130<\/p>\n","protected":false},"author":1,"featured_media":0,"comment_status":"closed","ping_status":"open","sticky":false,"template":"","format":"standard","meta":{"jetpack_post_was_ever_published":false,"_jetpack_newsletter_access":"","_jetpack_dont_email_post_to_subs":false,"_jetpack_newsletter_tier_id":0,"_jetpack_memberships_contains_paywalled_content":false,"_jetpack_memberships_contains_paid_content":false,"footnotes":"","jetpack_publicize_message":"","jetpack_publicize_feature_enabled":true,"jetpack_social_post_already_shared":true,"jetpack_social_options":{"image_generator_settings":{"template":"highway","default_image_id":0,"font":"","enabled":false},"version":2}},"categories":[19],"tags":[53,1564,507,12102,3815,41510],"class_list":["post-171830","post","type-post","status-publish","format-standard","hentry","category-ekonomi","tag-destegi","tag-devlet","tag-gida","tag-makinesi","tag-olmali","tag-uretene"],"jetpack_publicize_connections":[],"jetpack_featured_media_url":"","jetpack_sharing_enabled":true,"jetpack_shortlink":"https:\/\/wp.me\/paKIfm-IHs","_links":{"self":[{"href":"http:\/\/www.tvturk.com\/index.php\/wp-json\/wp\/v2\/posts\/171830","targetHints":{"allow":["GET"]}}],"collection":[{"href":"http:\/\/www.tvturk.com\/index.php\/wp-json\/wp\/v2\/posts"}],"about":[{"href":"http:\/\/www.tvturk.com\/index.php\/wp-json\/wp\/v2\/types\/post"}],"author":[{"embeddable":true,"href":"http:\/\/www.tvturk.com\/index.php\/wp-json\/wp\/v2\/users\/1"}],"replies":[{"embeddable":true,"href":"http:\/\/www.tvturk.com\/index.php\/wp-json\/wp\/v2\/comments?post=171830"}],"version-history":[{"count":0,"href":"http:\/\/www.tvturk.com\/index.php\/wp-json\/wp\/v2\/posts\/171830\/revisions"}],"wp:attachment":[{"href":"http:\/\/www.tvturk.com\/index.php\/wp-json\/wp\/v2\/media?parent=171830"}],"wp:term":[{"taxonomy":"category","embeddable":true,"href":"http:\/\/www.tvturk.com\/index.php\/wp-json\/wp\/v2\/categories?post=171830"},{"taxonomy":"post_tag","embeddable":true,"href":"http:\/\/www.tvturk.com\/index.php\/wp-json\/wp\/v2\/tags?post=171830"}],"curies":[{"name":"wp","href":"https:\/\/api.w.org\/{rel}","templated":true}]}}