{"id":171850,"date":"2019-06-20T15:16:45","date_gmt":"2019-06-20T12:16:45","guid":{"rendered":"http:\/\/www.tvturk.com\/index.php\/hizmet-is-uyelerinin-yuruyusune-memur-senden-destek\/"},"modified":"2019-06-20T15:16:45","modified_gmt":"2019-06-20T12:16:45","slug":"hizmet-is-uyelerinin-yuruyusune-memur-senden-destek","status":"publish","type":"post","link":"http:\/\/www.tvturk.com\/index.php\/hizmet-is-uyelerinin-yuruyusune-memur-senden-destek\/","title":{"rendered":"Hizmet -\u0130\u015f \u00fcyelerinin y\u00fcr\u00fcy\u00fc\u015f\u00fcne Memur-Sen\u2019den destek"},"content":{"rendered":"<p>Bolu Belediyesinde ya\u015fanan i\u015ften \u00e7\u0131karmalar\u0131 protesto etmek amac\u0131yla Hizmet-\u0130\u015f Sendikas\u0131nca d\u00fczenlenen \u2018Emek ve Adalet Y\u00fcr\u00fcy\u00fc\u015f\u00fc\u2019ne Memur-Sen\u2019den destek geldi.<\/p>\n<p>Hizmet-\u0130\u015f Sendikas\u0131nca Bolu Belediyesindeki i\u015ften \u00e7\u0131karmalara y\u00f6nelik d\u00fczenlenen y\u00fcr\u00fcy\u00fc\u015f, bug\u00fcn \u00e7ok say\u0131da sendika \u00fcyesinin kat\u0131l\u0131m\u0131 ile Kazan mevkiinde devam etti. Destek amac\u0131yla K\u0131br\u0131s Kamu-Sen Ba\u015fkan ve oyuncu Ahmet Yenilmez de y\u00fcr\u00fcy\u00fc\u015fe kat\u0131ld\u0131. Memur-Sen ve di\u011fer sendikalardan \u00fcyeler, Sarayk\u00f6y mevkiinde gruba kat\u0131larak y\u00fcr\u00fcy\u00fc\u015fe destek verdi.<\/p>\n<p>Dayan\u0131\u015fma i\u00e7erisinde olduklar\u0131n\u0131 belirten Hak-\u0130\u015f Konfederasyonu ve Hizmet-\u0130\u015f Sendikas\u0131 Genel Ba\u015fkan\u0131 Mahmut Arslan, \u201dMemur-Sen ve di\u011fer sendikalar\u0131n ba\u015fkanlar\u0131na bizi burada kar\u015f\u0131lad\u0131klar\u0131 i\u00e7in te\u015fekk\u00fcr ediyorum. Biz Memur-Sen ve Hak-\u0130\u015f Federasyonu olarak hem CHP\u2019li hem HDP\u2018li belediyelerde kar\u015f\u0131la\u015ft\u0131\u011f\u0131m\u0131z bask\u0131lar, zul\u00fcmler, i\u015ften \u00e7\u0131karmalar, tehditle, sendikas\u0131zla\u015ft\u0131rma ve sendikas\u0131z \u00e7al\u0131\u015ft\u0131rmalarda birlikte m\u00fccadele ediyoruz. D\u00fcn Memur-Sen Konfederasyonumuz yarg\u0131 s\u00fcrecini ba\u015flatt\u0131. Biz bir tam dayan\u0131\u015fma i\u00e7erisindeyiz. Ben tekrardan te\u015fekk\u00fcr ediyorum\u201d \u015feklinde konu\u015ftu.<\/p>\n<p>Memur ile i\u015f\u00e7inin birlikte oldu\u011funu ifade eden Memur-Sen Genel Ba\u015fkan\u0131 Ali Yal\u00e7\u0131n ise, \u201dBurada Hak-\u0130\u015f\u2019in 10 g\u00fcnd\u00fcr sesini duyurmaya \u00e7al\u0131\u015ft\u0131\u011f\u0131 Emek ve Adalet Y\u00fcr\u00fcy\u00fc\u015f\u00fc\u2019ne, hakk\u0131n\u0131 arayarak sesini kamuoyuna duyurarak, Ankara\u2019ya do\u011fru y\u00fcr\u00fcyerek,  CHP\u2019nin \u00f6n\u00fcne giderek i\u015fsiz b\u0131rakmalara, i\u015ften \u00e7\u0131karmalara, bask\u0131lara ve y\u0131ld\u0131rmalara kar\u015f\u0131 ortaya koydu\u011fu bu onurlu duru\u015fu selamlamak i\u00e7in i\u015f\u00e7i ve memur omuz omuzay\u0131z. Kimsenin ekme\u011fimize kast etmesine f\u0131rsat vermeyiz. Ona m\u00fcsaade etmeyiz. Ona uzanan bile\u011fe kesinlikle \u00f6rg\u00fctl\u00fc g\u00fcc\u00fcm\u00fczle kar\u015f\u0131l\u0131k veririz. Bug\u00fcnk\u00fc y\u00fcr\u00fcy\u00fc\u015f\u00fc beraber ger\u00e7ekle\u015ftirece\u011fiz. Memur i\u015f\u00e7i omuz omuza\u201d dedi.<\/p>\n","protected":false},"excerpt":{"rendered":"<p>BOLU BELED\u0130YES\u0130NDE YA\u015eANAN \u0130\u015eTEN \u00c7IKARMALARI PROTESTO ETMEK AMACIYLA D\u00dcZENLENEN \u2018EMEK VE ADALET Y\u00dcR\u00dcY\u00dc\u015e\u00dcNE\u2019 MEMUR-SEN SEND\u0130KASINDAN DESTEK GELD\u0130.<\/p>\n","protected":false},"author":1,"featured_media":0,"comment_status":"closed","ping_status":"open","sticky":false,"template":"","format":"standard","meta":{"jetpack_post_was_ever_published":false,"_jetpack_newsletter_access":"","_jetpack_dont_email_post_to_subs":false,"_jetpack_newsletter_tier_id":0,"_jetpack_memberships_contains_paywalled_content":false,"_jetpack_memberships_contains_paid_content":false,"footnotes":"","jetpack_publicize_message":"","jetpack_publicize_feature_enabled":true,"jetpack_social_post_already_shared":true,"jetpack_social_options":{"image_generator_settings":{"template":"highway","default_image_id":0,"font":"","enabled":false},"version":2}},"categories":[1],"tags":[61,122,432,4893,18093,11691],"class_list":["post-171850","post","type-post","status-publish","format-standard","hentry","category-genel","tag-destek","tag-hizmet","tag-is","tag-memur-senden","tag-uyelerinin","tag-yuruyusune"],"jetpack_publicize_connections":[],"jetpack_featured_media_url":"","jetpack_sharing_enabled":true,"jetpack_shortlink":"https:\/\/wp.me\/paKIfm-IHM","_links":{"self":[{"href":"http:\/\/www.tvturk.com\/index.php\/wp-json\/wp\/v2\/posts\/171850","targetHints":{"allow":["GET"]}}],"collection":[{"href":"http:\/\/www.tvturk.com\/index.php\/wp-json\/wp\/v2\/posts"}],"about":[{"href":"http:\/\/www.tvturk.com\/index.php\/wp-json\/wp\/v2\/types\/post"}],"author":[{"embeddable":true,"href":"http:\/\/www.tvturk.com\/index.php\/wp-json\/wp\/v2\/users\/1"}],"replies":[{"embeddable":true,"href":"http:\/\/www.tvturk.com\/index.php\/wp-json\/wp\/v2\/comments?post=171850"}],"version-history":[{"count":0,"href":"http:\/\/www.tvturk.com\/index.php\/wp-json\/wp\/v2\/posts\/171850\/revisions"}],"wp:attachment":[{"href":"http:\/\/www.tvturk.com\/index.php\/wp-json\/wp\/v2\/media?parent=171850"}],"wp:term":[{"taxonomy":"category","embeddable":true,"href":"http:\/\/www.tvturk.com\/index.php\/wp-json\/wp\/v2\/categories?post=171850"},{"taxonomy":"post_tag","embeddable":true,"href":"http:\/\/www.tvturk.com\/index.php\/wp-json\/wp\/v2\/tags?post=171850"}],"curies":[{"name":"wp","href":"https:\/\/api.w.org\/{rel}","templated":true}]}}