{"id":171864,"date":"2019-06-20T15:18:01","date_gmt":"2019-06-20T12:18:01","guid":{"rendered":"http:\/\/www.tvturk.com\/index.php\/ihlas-kolejinde-mezuniyet-coskusu\/"},"modified":"2019-06-20T15:18:01","modified_gmt":"2019-06-20T12:18:01","slug":"ihlas-kolejinde-mezuniyet-coskusu","status":"publish","type":"post","link":"http:\/\/www.tvturk.com\/index.php\/ihlas-kolejinde-mezuniyet-coskusu\/","title":{"rendered":"\u0130hlas Kolejinde mezuniyet co\u015fkusu"},"content":{"rendered":"<p>\u0130hlas E\u011fitim Kurumlar\u0131, Bah\u00e7elievler Kamp\u00fcs\u00fc\u2019nde bulunan \u00d6zel \u0130hlas Anadolu Fen ve Mesleki Teknik Anadolu Lisesi son s\u0131n\u0131f \u00f6\u011frencileri i\u00e7in mezuniyet t\u00f6reni d\u00fczenledi.<\/p>\n<p>B\u00fcy\u00fck\u015fehir Belediyesi Florya Sosyal Tesisleri\u2019nde d\u00fczenlenen t\u00f6rene \u0130hlas E\u011fitim Kurumlar\u0131 Genel M\u00fcd\u00fcr\u00fc Bedri Yeltekin, okul y\u00f6neticileri, okul m\u00fcd\u00fcrleri, \u00f6\u011fretmenler ile mezun \u00f6\u011frenciler ve aileleri kat\u0131ld\u0131lar. Okulun m\u00fczik grubunun seslendirdi\u011fi \u015fark\u0131larla ba\u015flayan t\u00f6rende, \u00f6\u011frencilerle yap\u0131lan r\u00f6portajlar, y\u0131l i\u00e7inde yap\u0131lan TEDEd Club Ihlas College organizasyonundan g\u00f6r\u00fcnt\u00fcler yer ald\u0131.<\/p>\n<p>Okul Birincileri Okul Ya\u015f K\u00fct\u00fc\u011f\u00fcne \u0130simlerini \u00c7akt\u0131lar<\/p>\n<p>T\u00f6rende ayr\u0131ca okullar\u0131n\u0131 birincilikle bitiren \u00f6\u011frenciler de a\u00e7\u0131kland\u0131. \u00d6zel \u0130hlas Fen Lisesi birincisi Bensu Sat\u0131lm\u0131\u015f, \u00d6zel \u0130hlas Anadolu Lisesi birincisi Osman Bu\u011fra \u00c7ift\u00e7i ve \u00d6zel \u0130hlas Mesleki ve Teknik Anadolu Lisesi birincisi O\u011fuzhan Ball\u0131 okulun ya\u015f k\u00fct\u00fc\u011f\u00fcne isimlerini \u00e7akt\u0131lar.<\/p>\n<p>Program\u0131n s\u00fcrprizi ise Fatih Belediyesi Mehteran Tak\u0131m\u0131\u2019n\u0131n yapm\u0131\u015f oldu\u011fu g\u00f6steriydi. Birbirinden g\u00fczel mehter mar\u015flar\u0131 seslendiren mehter tak\u0131m\u0131n\u0131 davetliler keyifle dinlediler.<\/p>\n<p>Okul m\u00fcd\u00fcr\u00fc Murat Demir yapm\u0131\u015f oldu\u011fu konu\u015fmas\u0131nda 19. Mezuniyet t\u00f6renini ger\u00e7ekle\u015ftirdiklerini ve bu s\u00fcre\u00e7te 1998 mezun vermenin hakl\u0131 gururunu ya\u015fad\u0131klar\u0131n\u0131 s\u00f6yledi. \u00dcniversite s\u0131nav\u0131n\u0131 art\u0131k geride b\u0131rakt\u0131klar\u0131n\u0131 ifade eden Demir, mezunlara okuyacaklar\u0131 \u00fcniversitelerde ve bundan sonraki e\u011fitim hayatlar\u0131nda ba\u015far\u0131lar diledi. Mezunlardan hayatlar\u0131 boyunca hakkaniyetle ve adaletle i\u015flerini yapmalar\u0131n\u0131 isteyen Demir, \u201cAnne babalar\u0131n\u0131z\u0131 \u00fczmeyin. Onlar\u0131n her daim dualar\u0131n\u0131 al\u0131n, sayg\u0131 ve h\u00fcrmet g\u00f6sterin. Kul hakk\u0131ndan korkun. Gitti\u011finiz yere hayat g\u00f6t\u00fcr\u00fcn, ne\u015fe g\u00f6t\u00fcr\u00fcn.\u201d dedi.<\/p>\n<p>\u00d6\u011frencilerle yapm\u0131\u015f oldu\u011fu r\u00f6portaj\u0131 yay\u0131nlanan \u0130hlas E\u011fitim Kurumlar\u0131 Genel M\u00fcd\u00fcr\u00fc Bedri Yeltekin, \u00f6\u011frencilerin, \u00f6\u011fretmenlerinden, arkada\u015flar\u0131ndan ve okullar\u0131ndan ayr\u0131ld\u0131klar\u0131 i\u00e7in h\u00fcz\u00fcnl\u00fc olduklar\u0131n\u0131 kendilerinin de evlatlar\u0131 gibi sevdikleri \u00f6\u011frencileri u\u011furlaman\u0131n buruklu\u011funu ya\u015fad\u0131klar\u0131n\u0131 s\u00f6yledi. Ge\u00e7ti\u011fimiz y\u0131l \u0130hlas Kolejinin elde etmi\u015f oldu\u011fu T\u00fcrkiye birincili\u011fine ve al\u0131nan derecelere vurgu yapan Yeltekin, \u201cGe\u00e7ti\u011fimiz y\u0131l yakalam\u0131\u015f oldu\u011fumuz ba\u015far\u0131lar\u0131n ard\u0131ndan sizlerin de YKS\u2019den \u00e7ok ba\u015far\u0131l\u0131 sonu\u00e7lar alaca\u011f\u0131n\u0131za inan\u0131yorum.\u201d dedi.<\/p>\n<p>\u00d6\u011frencilerine tavsiyelerde de bulunan Yeltekin, \u201cBundan sonraki ya\u015fant\u0131n\u0131zda her zaman adaletli olun. Adil davran\u0131n. \u00d6zellikle kul hakk\u0131 yemeyin. Hayat\u0131n\u0131zda bunlara dikkat ederseniz g\u00f6receksiniz Allah da size her konuda yard\u0131mc\u0131 olacakt\u0131r. Ba\u015far\u0131 da gelecektir.\u201d dedi.<\/p>\n<p>S\u0131n\u0131flar\u0131n davet edilmesiyle birlikte \u00f6\u011frencilere temsili diplomalar\u0131 verildi. Mezuniyet t\u00f6renlerinin klasi\u011fi olan kep atma merasimiyle \u00f6\u011frenciler mezuniyetlerini doyas\u0131ya kutlad\u0131lar.<\/p>\n","protected":false},"excerpt":{"rendered":"<p>\u0130HLAS E\u011e\u0130T\u0130M KURUMLARI, BAH\u00c7EL\u0130EVLER KAMP\u00dcS\u00dc\u2019NDE BULUNAN \u00d6ZEL \u0130HLAS ANADOLU FEN VE MESLEK\u0130 TEKN\u0130K ANADOLU L\u0130SES\u0130 SON SINIF \u00d6\u011eRENC\u0130LER\u0130 \u0130\u00c7\u0130N MEZUN\u0130YET T\u00d6REN\u0130 D\u00dcZENLED\u0130<\/p>\n","protected":false},"author":1,"featured_media":0,"comment_status":"closed","ping_status":"open","sticky":false,"template":"","format":"standard","meta":{"jetpack_post_was_ever_published":false,"_jetpack_newsletter_access":"","_jetpack_dont_email_post_to_subs":false,"_jetpack_newsletter_tier_id":0,"_jetpack_memberships_contains_paywalled_content":false,"_jetpack_memberships_contains_paid_content":false,"footnotes":"","jetpack_publicize_message":"","jetpack_publicize_feature_enabled":true,"jetpack_social_post_already_shared":true,"jetpack_social_options":{"image_generator_settings":{"template":"highway","default_image_id":0,"font":"","enabled":false},"version":2}},"categories":[1],"tags":[6596,2814,16458,820],"class_list":["post-171864","post","type-post","status-publish","format-standard","hentry","category-genel","tag-coskusu","tag-ihlas","tag-kolejinde","tag-mezuniyet"],"jetpack_publicize_connections":[],"jetpack_featured_media_url":"","jetpack_sharing_enabled":true,"jetpack_shortlink":"https:\/\/wp.me\/paKIfm-II0","_links":{"self":[{"href":"http:\/\/www.tvturk.com\/index.php\/wp-json\/wp\/v2\/posts\/171864","targetHints":{"allow":["GET"]}}],"collection":[{"href":"http:\/\/www.tvturk.com\/index.php\/wp-json\/wp\/v2\/posts"}],"about":[{"href":"http:\/\/www.tvturk.com\/index.php\/wp-json\/wp\/v2\/types\/post"}],"author":[{"embeddable":true,"href":"http:\/\/www.tvturk.com\/index.php\/wp-json\/wp\/v2\/users\/1"}],"replies":[{"embeddable":true,"href":"http:\/\/www.tvturk.com\/index.php\/wp-json\/wp\/v2\/comments?post=171864"}],"version-history":[{"count":0,"href":"http:\/\/www.tvturk.com\/index.php\/wp-json\/wp\/v2\/posts\/171864\/revisions"}],"wp:attachment":[{"href":"http:\/\/www.tvturk.com\/index.php\/wp-json\/wp\/v2\/media?parent=171864"}],"wp:term":[{"taxonomy":"category","embeddable":true,"href":"http:\/\/www.tvturk.com\/index.php\/wp-json\/wp\/v2\/categories?post=171864"},{"taxonomy":"post_tag","embeddable":true,"href":"http:\/\/www.tvturk.com\/index.php\/wp-json\/wp\/v2\/tags?post=171864"}],"curies":[{"name":"wp","href":"https:\/\/api.w.org\/{rel}","templated":true}]}}