{"id":171870,"date":"2019-06-20T15:31:52","date_gmt":"2019-06-20T12:31:52","guid":{"rendered":"http:\/\/www.tvturk.com\/index.php\/ab-turkiye-buyukelcisi-hayran-oldugu-o-kente-gitti-parsomeni-yerinde-gordu\/"},"modified":"2019-06-20T15:31:52","modified_gmt":"2019-06-20T12:31:52","slug":"ab-turkiye-buyukelcisi-hayran-oldugu-o-kente-gitti-parsomeni-yerinde-gordu","status":"publish","type":"post","link":"http:\/\/www.tvturk.com\/index.php\/ab-turkiye-buyukelcisi-hayran-oldugu-o-kente-gitti-parsomeni-yerinde-gordu\/","title":{"rendered":"AB T\u00fcrkiye B\u00fcy\u00fckel\u00e7isi hayran oldu\u011fu o kente gitti par\u015f\u00f6meni yerinde g\u00f6rd\u00fc"},"content":{"rendered":"<p>Avrupa Birli\u011fi (AB) T\u00fcrkiye B\u00fcy\u00fckel\u00e7isi Christian Berger, par\u015f\u00f6mene duydu\u011fu hayranl\u0131k nedeniyle Bergama\u2019ya ziyarette bulundu. Par\u015f\u00f6meni yerinde g\u00f6ren Berger, Anadolu\u2019nun son kara taba\u011f\u0131n\u0131n inceliklerini de \u00f6\u011frendi.<\/p>\n<p>AB T\u00fcrkiye B\u00fcy\u00fckel\u00e7isi Christian Berger, \u0130zmir\u2019in Bergama il\u00e7esini ziyaret etti. Bergama Belediye Ba\u015fkan\u0131 Hakan Ko\u015ftu\u2019nun e\u015flik etti\u011fi B\u00fcy\u00fckel\u00e7i Berger, Anadolu\u2019nun son kara taba\u011f\u0131 ve &#8220;Ya\u015fayan \u0130nsan Hazinesi&#8221; \u00f6d\u00fcl\u00fcne lay\u0131k g\u00f6r\u00fclen \u0130smail Ara\u00e7 ve \u00e7\u0131raklar\u0131 Demet Sa\u011flam Tokbay ve Nesrin Ermi\u015f ile bir araya gelerek par\u015f\u00f6men \u00fczerine uzun uzun sohbet edip, ustalar\u0131ndan inceliklerini \u00f6\u011frendi. Berger, Belediye Ba\u015fkan\u0131 Ko\u015ftu ile de Bergama\u2019n\u0131n tarihi ve k\u00fclt\u00fcrel de\u011ferlerine ili\u015fkin bir saate yak\u0131n sohbet etti. Bergama par\u015f\u00f6meninin \u00e7ok de\u011ferli bir hazine oldu\u011funu ifade eden AB B\u00fcy\u00fckel\u00e7isi Berger, &#8220;Par\u015f\u00f6men \u00e7ok de\u011ferli bir hazine ve par\u015f\u00f6mene kar\u015f\u0131 b\u00fcy\u00fck hayranl\u0131k duyuyorum. Bu sebeple bu de\u011feri yerinde g\u00f6rmek i\u00e7in Bergama\u2019ya geldim. \u00c7ok memnum kald\u0131m&#8221; dedi.<\/p>\n<p>B\u00fcy\u00fckel\u00e7inin ziyaretinden b\u00fcy\u00fck memnuniyet duydu\u011funu belirten Ba\u015fkan Ko\u015ftu, Bergama\u2019n\u0131n \u00e7ok say\u0131da tarihi ve k\u00fclt\u00fcrel zenginliklere sahip bir kent oldu\u011funu ifade ederek, &#8220;Par\u015f\u00f6men de bu de\u011ferlerimizin en ba\u015f\u0131nda geliyor. \u0130leriki s\u00fcre\u00e7te par\u015f\u00f6menin hak etti\u011fi de\u011fere kavu\u015fmas\u0131 y\u00f6n\u00fcnde \u00e7al\u0131\u015fmalar ger\u00e7ekle\u015ftirece\u011fiz. Adeta bir a\u00e7\u0131k hava m\u00fczesini and\u0131ran kentimizde bir par\u015f\u00f6men m\u00fczesi kurmak \u00f6nceli\u011fimiz&#8221; diye konu\u015ftu.<\/p>\n<p>Par\u015f\u00f6men hakk\u0131nda<\/p>\n<p>Deriye yaz\u0131 yazmay\u0131 geli\u015ftiren Bergama Krall\u0131\u011f\u0131, papir\u00fcsten sonra daha kullan\u0131\u015fl\u0131 bir ka\u011f\u0131t bulmu\u015ftu ve buna &#8220;Bergama Ka\u011f\u0131d\u0131&#8221; anlam\u0131na gelen par\u015f\u00f6men ad\u0131n\u0131 verdiler. Son birka\u00e7 y\u0131ld\u0131r Bergama\u2019da par\u015f\u00f6men yeniden \u00fcretilip \u00fczerine resimler yap\u0131l\u0131yor ve hediyelik e\u015fya olarak sat\u0131l\u0131yor.<\/p>\n","protected":false},"excerpt":{"rendered":"<p>AVRUPA B\u0130RL\u0130\u011e\u0130 (AB) T\u00dcRK\u0130YE B\u00dcY\u00dcKEL\u00c7\u0130S\u0130 CHR\u0130ST\u0130AN BERGER, BERGAMA \u0130L\u00c7ES\u0130NDEYD\u0130. BERGAMA BELED\u0130YE BA\u015eKANI HAKAN KO\u015eTU&#8217;NUN E\u015eL\u0130K ETT\u0130\u011e\u0130 B\u00dcY\u00dcKEL\u00c7\u0130 BERGER, ANADOLU\u2019NUN SON KARA TABA\u011eI VE &#8220;YA\u015eAYAN \u0130NSAN HAZ\u0130NES\u0130&#8221; \u00d6D\u00dcL\u00dcNE LAYIK G\u00d6R\u00dcLEN \u0130SMA\u0130L ARA\u00c7 VE \u00c7IRAKLARI DEMET SA\u011eLAM TOKBAY VE NESR\u0130N ERM\u0130\u015e \u0130LE B\u0130R ARAYA GELEREK PAR\u015e\u00d6MEN \u00dcZER\u0130NE UZUN UZUN SOHBET ED\u0130P, USTALARINDAN \u0130NCEL\u0130KLER\u0130N\u0130 \u00d6\u011eREND\u0130.<\/p>\n","protected":false},"author":1,"featured_media":0,"comment_status":"closed","ping_status":"open","sticky":false,"template":"","format":"standard","meta":{"jetpack_post_was_ever_published":false,"_jetpack_newsletter_access":"","_jetpack_dont_email_post_to_subs":false,"_jetpack_newsletter_tier_id":0,"_jetpack_memberships_contains_paywalled_content":false,"_jetpack_memberships_contains_paid_content":false,"footnotes":"","jetpack_publicize_message":"","jetpack_publicize_feature_enabled":true,"jetpack_social_post_already_shared":true,"jetpack_social_options":{"image_generator_settings":{"template":"highway","default_image_id":0,"font":"","enabled":false},"version":2}},"categories":[1],"tags":[4684,1601,244,14275,19193,1974,41528,453,2655],"class_list":["post-171870","post","type-post","status-publish","format-standard","hentry","category-genel","tag-buyukelcisi","tag-gitti","tag-gordu","tag-hayran","tag-kente","tag-oldugu","tag-parsomeni","tag-turkiye","tag-yerinde"],"jetpack_publicize_connections":[],"jetpack_featured_media_url":"","jetpack_sharing_enabled":true,"jetpack_shortlink":"https:\/\/wp.me\/paKIfm-II6","_links":{"self":[{"href":"http:\/\/www.tvturk.com\/index.php\/wp-json\/wp\/v2\/posts\/171870","targetHints":{"allow":["GET"]}}],"collection":[{"href":"http:\/\/www.tvturk.com\/index.php\/wp-json\/wp\/v2\/posts"}],"about":[{"href":"http:\/\/www.tvturk.com\/index.php\/wp-json\/wp\/v2\/types\/post"}],"author":[{"embeddable":true,"href":"http:\/\/www.tvturk.com\/index.php\/wp-json\/wp\/v2\/users\/1"}],"replies":[{"embeddable":true,"href":"http:\/\/www.tvturk.com\/index.php\/wp-json\/wp\/v2\/comments?post=171870"}],"version-history":[{"count":0,"href":"http:\/\/www.tvturk.com\/index.php\/wp-json\/wp\/v2\/posts\/171870\/revisions"}],"wp:attachment":[{"href":"http:\/\/www.tvturk.com\/index.php\/wp-json\/wp\/v2\/media?parent=171870"}],"wp:term":[{"taxonomy":"category","embeddable":true,"href":"http:\/\/www.tvturk.com\/index.php\/wp-json\/wp\/v2\/categories?post=171870"},{"taxonomy":"post_tag","embeddable":true,"href":"http:\/\/www.tvturk.com\/index.php\/wp-json\/wp\/v2\/tags?post=171870"}],"curies":[{"name":"wp","href":"https:\/\/api.w.org\/{rel}","templated":true}]}}