{"id":171882,"date":"2019-06-20T15:46:38","date_gmt":"2019-06-20T12:46:38","guid":{"rendered":"http:\/\/www.tvturk.com\/index.php\/elazigda-siddetli-yagis-sele-neden-oldu\/"},"modified":"2019-06-20T15:46:38","modified_gmt":"2019-06-20T12:46:38","slug":"elazigda-siddetli-yagis-sele-neden-oldu","status":"publish","type":"post","link":"http:\/\/www.tvturk.com\/index.php\/elazigda-siddetli-yagis-sele-neden-oldu\/","title":{"rendered":"Elaz\u0131\u011f\u2019da \u015fiddetli ya\u011f\u0131\u015f sele neden oldu"},"content":{"rendered":"<p>Elaz\u0131\u011f\u2019da kuvvetli sa\u011fanak yar\u0131m saat etkili oldu, kent merkezi dahil bir \u00e7ok yer su alt\u0131nda kald\u0131.<\/p>\n<p>Meteorolojinin bug\u00fcn uyard\u0131\u011f\u0131 kuvvetli sa\u011fanak Elaz\u0131\u011f\u2019da etkili olmaya ba\u015flad\u0131. Kentte yar\u0131m saat ya\u011fan ve halen etkisini s\u00fcrd\u00fcren ya\u011f\u0131\u015f nedeniyle merkez dahil bir \u00e7ok yer su alt\u0131nda kald\u0131. Ya\u011fmurla birlikte dolu da zaman zaman etkisini g\u00f6sterdi.<\/p>\n<p>Cadde ve sokaklar\u0131n suyla doldu\u011fu kentte ara\u00e7lar da uzun s\u00fcre mahsur kald\u0131.<\/p>\n","protected":false},"excerpt":{"rendered":"<p>ELAZI\u011e&#8217;DA ETK\u0130L\u0130 OLAN SA\u011eANAK YA\u011eI\u015e SU BASKINLARINA YOL A\u00c7TI<\/p>\n","protected":false},"author":1,"featured_media":0,"comment_status":"closed","ping_status":"open","sticky":false,"template":"","format":"standard","meta":{"jetpack_post_was_ever_published":false,"_jetpack_newsletter_access":"","_jetpack_dont_email_post_to_subs":false,"_jetpack_newsletter_tier_id":0,"_jetpack_memberships_contains_paywalled_content":false,"_jetpack_memberships_contains_paid_content":false,"footnotes":"","jetpack_publicize_message":"","jetpack_publicize_feature_enabled":true,"jetpack_social_post_already_shared":true,"jetpack_social_options":{"image_generator_settings":{"template":"highway","default_image_id":0,"font":"","enabled":false},"version":2}},"categories":[1],"tags":[2479,1130,77,8394,897,1577],"class_list":["post-171882","post","type-post","status-publish","format-standard","hentry","category-genel","tag-elazigda","tag-neden","tag-oldu","tag-sele","tag-siddetli","tag-yagis"],"jetpack_publicize_connections":[],"jetpack_featured_media_url":"","jetpack_sharing_enabled":true,"jetpack_shortlink":"https:\/\/wp.me\/paKIfm-IIi","_links":{"self":[{"href":"http:\/\/www.tvturk.com\/index.php\/wp-json\/wp\/v2\/posts\/171882","targetHints":{"allow":["GET"]}}],"collection":[{"href":"http:\/\/www.tvturk.com\/index.php\/wp-json\/wp\/v2\/posts"}],"about":[{"href":"http:\/\/www.tvturk.com\/index.php\/wp-json\/wp\/v2\/types\/post"}],"author":[{"embeddable":true,"href":"http:\/\/www.tvturk.com\/index.php\/wp-json\/wp\/v2\/users\/1"}],"replies":[{"embeddable":true,"href":"http:\/\/www.tvturk.com\/index.php\/wp-json\/wp\/v2\/comments?post=171882"}],"version-history":[{"count":0,"href":"http:\/\/www.tvturk.com\/index.php\/wp-json\/wp\/v2\/posts\/171882\/revisions"}],"wp:attachment":[{"href":"http:\/\/www.tvturk.com\/index.php\/wp-json\/wp\/v2\/media?parent=171882"}],"wp:term":[{"taxonomy":"category","embeddable":true,"href":"http:\/\/www.tvturk.com\/index.php\/wp-json\/wp\/v2\/categories?post=171882"},{"taxonomy":"post_tag","embeddable":true,"href":"http:\/\/www.tvturk.com\/index.php\/wp-json\/wp\/v2\/tags?post=171882"}],"curies":[{"name":"wp","href":"https:\/\/api.w.org\/{rel}","templated":true}]}}