{"id":171904,"date":"2019-06-20T16:16:35","date_gmt":"2019-06-20T13:16:35","guid":{"rendered":"http:\/\/www.tvturk.com\/index.php\/yarali-akbaba-emin-ellerde\/"},"modified":"2019-06-20T16:16:35","modified_gmt":"2019-06-20T13:16:35","slug":"yarali-akbaba-emin-ellerde","status":"publish","type":"post","link":"http:\/\/www.tvturk.com\/index.php\/yarali-akbaba-emin-ellerde\/","title":{"rendered":"Yaral\u0131 akbaba emin ellerde"},"content":{"rendered":"<p>Bilecik\u2019te yaral\u0131 olarak bulunan ve nesli en h\u0131zl\u0131 t\u00fckenme tehlikesi alt\u0131nda olan M\u0131s\u0131r akbabas\u0131 tedavi alt\u0131na al\u0131nd\u0131.<\/p>\n<p>Y\u0131lda ortalama bin 100 sokak hayvan\u0131n\u0131n tedavi edildi\u011fi Bilecik Belediyesi Sokak Hayvanlar\u0131 Tedavi ve Rehabilitasyon Merkezine yaral\u0131 halde getirilen akbabaya zehirlenme te\u015fhisi konuldu. Yaral\u0131 akbaba t\u00fcm tedavileri yap\u0131ld\u0131ktan sonra g\u00f6zlem alt\u0131na al\u0131nd\u0131. Tedavilere cevap veren akbaba tamamen iyile\u015ftikten sonra do\u011fal ortam\u0131na kavu\u015facak.<\/p>\n<p>&#8220;Yaral\u0131 gelen akbabaya gerekli tedavilerimizi uygulad\u0131k&#8221;<\/p>\n<p>Veteriner \u0130\u015fleri M\u00fcd\u00fcr\u00fc Nedret Avc\u0131, yapt\u0131\u011f\u0131 a\u00e7\u0131klamada Bilecik Belediyesi olarak gerek sokak hayvanlar\u0131 gerek yaban hayvanlar\u0131 i\u00e7in \u00f6nemli hizmetler vermekten duyduklar\u0131 memnuniyeti belirtti. Avc\u0131, &#8220;Milli Parklar Do\u011fa Koruma \u015eube M\u00fcd\u00fcrl\u00fc\u011f\u00fc taraf\u0131ndan tedavi merkezimize yaral\u0131 halde getirilen akbabay\u0131 tedavi alt\u0131na ald\u0131k ve zehirlendi\u011fi te\u015fhisini koyduk. Gerekli tedavilerimizi uygulad\u0131k. Hayvan\u0131n durumu \u015fu an \u00e7ok iyi. Tamamen iyile\u015ftikten sonra \u00f6n\u00fcm\u00fczdeki haftalarda akbabay\u0131 do\u011fal ortam\u0131na salaca\u011f\u0131z. Tedavi merkezimizde \u015fu ana kadar ay\u0131 yaban domuzu, tilki, \u00e7akal ve bayku\u015f gibi bir\u00e7ok yaban hayvan\u0131 da tedavi ederek, do\u011fal ortamlar\u0131na kavu\u015fturduk. Ayn\u0131 zamanda bir\u00e7ok hayvana y\u00f6nelik kurtarma \u00e7al\u0131\u015fmas\u0131 da yapt\u0131k. Vatanda\u015flar\u0131m\u0131z\u0131n bu t\u00fcr durumlara kar\u015f\u0131 duyarl\u0131 olup, bizlere ivedi bir \u015fekilde haber vermelerinden memnuniyet duyar\u0131z\u2019\u2019 ifadelerini kulland\u0131.<\/p>\n","protected":false},"excerpt":{"rendered":"<p>ZEH\u0130RLEND\u0130\u011e\u0130 TE\u015eH\u0130S ED\u0130LEN AKBABA TEDAV\u0130 ALTINA ALINDI<\/p>\n","protected":false},"author":1,"featured_media":0,"comment_status":"closed","ping_status":"open","sticky":false,"template":"","format":"standard","meta":{"jetpack_post_was_ever_published":false,"_jetpack_newsletter_access":"","_jetpack_dont_email_post_to_subs":false,"_jetpack_newsletter_tier_id":0,"_jetpack_memberships_contains_paywalled_content":false,"_jetpack_memberships_contains_paid_content":false,"footnotes":"","jetpack_publicize_message":"","jetpack_publicize_feature_enabled":true,"jetpack_social_post_already_shared":true,"jetpack_social_options":{"image_generator_settings":{"template":"highway","default_image_id":0,"font":"","enabled":false},"version":2}},"categories":[1],"tags":[9875,29782,5013,774],"class_list":["post-171904","post","type-post","status-publish","format-standard","hentry","category-genel","tag-akbaba","tag-ellerde","tag-emin","tag-yarali"],"jetpack_publicize_connections":[],"jetpack_featured_media_url":"","jetpack_sharing_enabled":true,"jetpack_shortlink":"https:\/\/wp.me\/paKIfm-IIE","_links":{"self":[{"href":"http:\/\/www.tvturk.com\/index.php\/wp-json\/wp\/v2\/posts\/171904","targetHints":{"allow":["GET"]}}],"collection":[{"href":"http:\/\/www.tvturk.com\/index.php\/wp-json\/wp\/v2\/posts"}],"about":[{"href":"http:\/\/www.tvturk.com\/index.php\/wp-json\/wp\/v2\/types\/post"}],"author":[{"embeddable":true,"href":"http:\/\/www.tvturk.com\/index.php\/wp-json\/wp\/v2\/users\/1"}],"replies":[{"embeddable":true,"href":"http:\/\/www.tvturk.com\/index.php\/wp-json\/wp\/v2\/comments?post=171904"}],"version-history":[{"count":0,"href":"http:\/\/www.tvturk.com\/index.php\/wp-json\/wp\/v2\/posts\/171904\/revisions"}],"wp:attachment":[{"href":"http:\/\/www.tvturk.com\/index.php\/wp-json\/wp\/v2\/media?parent=171904"}],"wp:term":[{"taxonomy":"category","embeddable":true,"href":"http:\/\/www.tvturk.com\/index.php\/wp-json\/wp\/v2\/categories?post=171904"},{"taxonomy":"post_tag","embeddable":true,"href":"http:\/\/www.tvturk.com\/index.php\/wp-json\/wp\/v2\/tags?post=171904"}],"curies":[{"name":"wp","href":"https:\/\/api.w.org\/{rel}","templated":true}]}}