{"id":171922,"date":"2019-06-20T16:33:04","date_gmt":"2019-06-20T13:33:04","guid":{"rendered":"http:\/\/www.tvturk.com\/index.php\/cami-imami-universite-birincisi-oldu\/"},"modified":"2019-06-20T16:33:04","modified_gmt":"2019-06-20T13:33:04","slug":"cami-imami-universite-birincisi-oldu","status":"publish","type":"post","link":"http:\/\/www.tvturk.com\/index.php\/cami-imami-universite-birincisi-oldu\/","title":{"rendered":"Cami imam\u0131 \u00fcniversite birincisi oldu"},"content":{"rendered":"<p>Nev\u015fehir Hac\u0131 Bekta\u015f Veli \u00dcniversitesi\u2019nde okul birincisi \u00fcniversite yerle\u015fkesinin i\u00e7erisinde bulunan caminin imam\u0131 oldu.<\/p>\n<p>Nev\u015fehir Hac\u0131 Bekta\u015f Veli \u00dcniversitesi \u0130lahiyat Fak\u00fcltesi \u00f6\u011frencisi 24 ya\u015f\u0131ndaki Recep Otkan, bundan 4 y\u0131l \u00f6nce Nev\u015fehir\u2019e imam olarak atand\u0131. G\u00f6rev yapt\u0131\u011f\u0131 Nev\u015fehir Hac\u0131 Bekta\u015f Veli \u00dcniversitesinde \u0130lahiyat Fak\u00fcltesinde okumay\u0131 hayal eden Otkan, daha sonra \u00e7al\u0131\u015fma azmiyle hayalini kurdu\u011fu \u0130lahiyat Fak\u00fcltesini kazand\u0131. Nev\u015fehir Hac\u0131 Bekta\u015f Veli \u00dcniversitesi\u2019nde bug\u00fcn d\u00fczenlenen mezuniyet t\u00f6reninde de \u00fcniversite birincisi olan 24 ya\u015f\u0131ndaki Recep Otkan, 4 y\u0131l \u00f6nce kurdu\u011fu hayale kavu\u015fmaktan dolay\u0131 son derece mutlu oldu\u011funu s\u00f6yledi. Otkan, \u201cNev\u015fehir Hac\u0131 Bekta\u015f Veli \u00dcniversitesi \u0130lahiyat Fak\u00fcltesinden bu sene mezun oldum. Ve ayn\u0131 zamanda da Nev\u015fehir Hac\u0131 Bekta\u015f Veli \u00dcniversitesi yerle\u015fkesi i\u00e7erisinde bulunan camide de g\u00f6rev yapmaktay\u0131m.  Daha \u00f6nce \u0130stanbul \u00dcniversitesi \u0130lahiyat Fak\u00fcltesi haz\u0131rl\u0131k s\u0131n\u0131f\u0131n\u0131 okumu\u015ftum. \u0130maml\u0131\u011f\u0131m\u0131n Nev\u015fehir\u2019e \u00e7\u0131kmas\u0131ndan dolay\u0131 okulu b\u0131rakmak zorunda kalm\u0131\u015ft\u0131m. Ama y\u0131lmadan tekrar \u00fcniversite s\u0131navlar\u0131na \u00e7al\u0131\u015f\u0131p Nev\u015fehir Hac\u0131 Bekta\u015f Veli \u00dcniversitesi \u0130lahiyat Fak\u00fcltesini kazand\u0131m. Ger\u00e7ekten \u00e7ok farkl\u0131 bir duygu i\u00e7erisindeyim. 4 y\u0131l \u00f6nce imaml\u0131k g\u00f6revine ba\u015flarken ayn\u0131 zamanda yeniden Nev\u015fehir Hac\u0131 Bekta\u015f Veli \u00dcniversitesi \u0130lahiyat Fak\u00fcltesi\u2019ne ba\u015flad\u0131ktan sonra o g\u00fcn kafamda bir hayalim vard\u0131. Ve bug\u00fcn\u00fc hayal etmi\u015ftim. Allah\u2019a \u015f\u00fck\u00fcrler olsun ki o g\u00fcn bug\u00fcnleri hayal etmi\u015ftim ve o hayalime kavu\u015ftum. Birinci oldum, \u00e7ok mutluyum. \u0130n\u015fallah yeni yolumuzda da Rabbim bizlerin yar ve yard\u0131mc\u0131s\u0131 olsun. Allah t\u00fcm arkada\u015flar\u0131m\u0131n yeni yollar\u0131n\u0131 a\u00e7\u0131k etsin diyorum\u201d \u015feklinde konu\u015ftu.<\/p>\n","protected":false},"excerpt":{"rendered":"<p>G\u00d6REV YAPTI\u011eI NEV\u015eEH\u0130R HACI BEKTA\u015e VEL\u0130 \u00dcN\u0130VERS\u0130TES\u0130NDE \u0130LAH\u0130YAT FAK\u00dcLTES\u0130NDE OKUMAYI HAYAL EDEN OTKAN DAHA SONRA \u00c7ALI\u015eMA AZM\u0130YLE HAYAL\u0130N\u0130 KURDU\u011eU \u0130LAH\u0130YAT FAK\u00dcLTES\u0130N\u0130 KAZANDI. NEV\u015eEH\u0130R HACI BEKTA\u015e VEL\u0130 \u00dcN\u0130VERS\u0130TES\u0130\u2019NDE BUG\u00dcN D\u00dcZENLENEN MEZUN\u0130YET T\u00d6REN\u0130NDE DE \u00dcN\u0130VERS\u0130TE B\u0130R\u0130NC\u0130S\u0130 OLAN 24 YA\u015eINDAK\u0130 RECEP OTKAN 4 YIL \u00d6NCE KURDU\u011eU HAYALE KAVU\u015eMAKTAN DOLAYI SON DERECE MUTLU OLDU\u011eUNU S\u00d6YLED\u0130.<\/p>\n","protected":false},"author":1,"featured_media":0,"comment_status":"closed","ping_status":"open","sticky":false,"template":"","format":"standard","meta":{"jetpack_post_was_ever_published":false,"_jetpack_newsletter_access":"","_jetpack_dont_email_post_to_subs":false,"_jetpack_newsletter_tier_id":0,"_jetpack_memberships_contains_paywalled_content":false,"_jetpack_memberships_contains_paid_content":false,"footnotes":"","jetpack_publicize_message":"","jetpack_publicize_feature_enabled":true,"jetpack_social_post_already_shared":true,"jetpack_social_options":{"image_generator_settings":{"template":"highway","default_image_id":0,"font":"","enabled":false},"version":2}},"categories":[1],"tags":[7552,3655,10933,77,1281],"class_list":["post-171922","post","type-post","status-publish","format-standard","hentry","category-genel","tag-birincisi","tag-cami","tag-imami","tag-oldu","tag-universite"],"jetpack_publicize_connections":[],"jetpack_featured_media_url":"","jetpack_sharing_enabled":true,"jetpack_shortlink":"https:\/\/wp.me\/paKIfm-IIW","_links":{"self":[{"href":"http:\/\/www.tvturk.com\/index.php\/wp-json\/wp\/v2\/posts\/171922","targetHints":{"allow":["GET"]}}],"collection":[{"href":"http:\/\/www.tvturk.com\/index.php\/wp-json\/wp\/v2\/posts"}],"about":[{"href":"http:\/\/www.tvturk.com\/index.php\/wp-json\/wp\/v2\/types\/post"}],"author":[{"embeddable":true,"href":"http:\/\/www.tvturk.com\/index.php\/wp-json\/wp\/v2\/users\/1"}],"replies":[{"embeddable":true,"href":"http:\/\/www.tvturk.com\/index.php\/wp-json\/wp\/v2\/comments?post=171922"}],"version-history":[{"count":0,"href":"http:\/\/www.tvturk.com\/index.php\/wp-json\/wp\/v2\/posts\/171922\/revisions"}],"wp:attachment":[{"href":"http:\/\/www.tvturk.com\/index.php\/wp-json\/wp\/v2\/media?parent=171922"}],"wp:term":[{"taxonomy":"category","embeddable":true,"href":"http:\/\/www.tvturk.com\/index.php\/wp-json\/wp\/v2\/categories?post=171922"},{"taxonomy":"post_tag","embeddable":true,"href":"http:\/\/www.tvturk.com\/index.php\/wp-json\/wp\/v2\/tags?post=171922"}],"curies":[{"name":"wp","href":"https:\/\/api.w.org\/{rel}","templated":true}]}}