{"id":17193,"date":"2019-02-10T09:41:46","date_gmt":"2019-02-10T06:41:46","guid":{"rendered":"http:\/\/www.tvturk.com\/index.php\/vatandas-istedi-kayyum-yapti\/"},"modified":"2019-02-10T09:41:47","modified_gmt":"2019-02-10T06:41:47","slug":"vatandas-istedi-kayyum-yapti","status":"publish","type":"post","link":"http:\/\/www.tvturk.com\/index.php\/vatandas-istedi-kayyum-yapti\/","title":{"rendered":"Vatanda\u015f istedi, kayyum yapt\u0131"},"content":{"rendered":"<p>\u015e\u0131rnak\u2019\u0131n Uludere \u0130l\u00e7e Belediyesi ekiplerince, tehlike arz eden alanlara korkuluk yerle\u015ftirildi.<\/p>\n<p>\u015e\u0131rnak\u2019\u0131n Uludere \u0130l\u00e7e Kaymakam\u0131 ve Belediye Ba\u015fkan Vekili Mehmet Fatih Yak\u0131no\u011flu, il\u00e7ede tehlike arz eden b\u00f6lgelere korkuluk takt\u0131rd\u0131. Kaymakam Yak\u0131no\u011flu, Ye\u015filyova Mahallesi\u2019nde ikamet eden vatanda\u015flar taraf\u0131ndan \u00e7ocuklar\u0131 i\u00e7in tehlike arz eden alana korkuluk talebinin oldu\u011funu, .belediyelerinin de hemen \u00e7al\u0131\u015fmalara ba\u015flad\u0131\u011f\u0131n\u0131 s\u00f6yledi. Kaymakam Yak\u0131no\u011flu, &#8220;Bizler belediye olarak halk\u0131m\u0131z\u0131n hizmetindeyiz her zaman. \u00c7al\u0131\u015fmalar\u0131m\u0131z son h\u0131z\u0131yla devam ediyor. Allah\u2019\u0131n izniyle ilkbahar aylar\u0131nda \u00f6nemli projelerimiz faaliyete ge\u00e7ecektir&#8221; dedi.<div class=\"tiled-gallery type-rectangular tiled-gallery-unresized\" data-original-width=\"500\" data-carousel-extra='null' itemscope itemtype=\"http:\/\/schema.org\/ImageGallery\" > <div class=\"gallery-row\" style=\"width: 500px; height: 376px;\" data-original-width=\"500\" data-original-height=\"376\" > <div class=\"gallery-group images-1\" style=\"width: 500px; height: 376px;\" data-original-width=\"500\" data-original-height=\"376\" > <div class=\"tiled-gallery-item tiled-gallery-item-large\" itemprop=\"associatedMedia\" itemscope itemtype=\"http:\/\/schema.org\/ImageObject\"> <a href=\"http:\/\/www.tvturk.com\/index.php\/vatandas-istedi-kayyum-yapti\/vatandas-istedi-kayyum-yapti-3\/\" border=\"0\" itemprop=\"url\"> <meta itemprop=\"width\" content=\"496\"> <meta itemprop=\"height\" content=\"372\"> <img decoding=\"async\" class=\"\" data-attachment-id=\"17195\" data-orig-file=\"http:\/\/www.tvturk.com\/wp-content\/uploads\/2019\/02\/vatandas-istedi-kayyum-yapti_ac07593.jpg\" data-orig-size=\"960,720\" data-comments-opened=\"\" data-image-meta=\"{&quot;aperture&quot;:&quot;0&quot;,&quot;credit&quot;:&quot;IHA&quot;,&quot;camera&quot;:&quot;&quot;,&quot;caption&quot;:&quot;\\u015eIRNAK\\u2019IN ULUDERE \\u0130L\\u00c7E BELED\\u0130YES\\u0130 EK\\u0130PLER\\u0130NCE, TEHL\\u0130KE ARZ EDEN ALANLARA KORKULUK YERLE\\u015eT\\u0130R\\u0130LD\\u0130. (SERDAR G\\u00dcK\\u00c7E\\\/\\u015eIRNAK-\\u0130HA)&quot;,&quot;created_timestamp&quot;:&quot;1549820160&quot;,&quot;copyright&quot;:&quot;\\u0130HLAS HABER AJANSI, www.iha.com.tr&quot;,&quot;focal_length&quot;:&quot;0&quot;,&quot;iso&quot;:&quot;0&quot;,&quot;shutter_speed&quot;:&quot;0&quot;,&quot;title&quot;:&quot;VATANDA\\u015e \\u0130STED\\u0130, KAYYUM YAPTI&quot;,&quot;orientation&quot;:&quot;0&quot;}\" data-image-title=\"Vatanda\u015f istedi, kayyum yapt\u0131\" data-image-description=\"&lt;p&gt;Vatanda\u015f istedi, kayyum yapt\u0131&lt;\/p&gt; \" data-medium-file=\"https:\/\/i0.wp.com\/www.tvturk.com\/wp-content\/uploads\/2019\/02\/vatandas-istedi-kayyum-yapti_ac07593.jpg?fit=300%2C225\" data-large-file=\"https:\/\/i0.wp.com\/www.tvturk.com\/wp-content\/uploads\/2019\/02\/vatandas-istedi-kayyum-yapti_ac07593.jpg?fit=960%2C720\" src=\"https:\/\/i0.wp.com\/www.tvturk.com\/wp-content\/uploads\/2019\/02\/vatandas-istedi-kayyum-yapti_ac07593.jpg?w=496&#038;h=372\" srcset=\"https:\/\/i0.wp.com\/www.tvturk.com\/wp-content\/uploads\/2019\/02\/vatandas-istedi-kayyum-yapti_ac07593.jpg?w=960 960w, https:\/\/i0.wp.com\/www.tvturk.com\/wp-content\/uploads\/2019\/02\/vatandas-istedi-kayyum-yapti_ac07593.jpg?resize=150%2C113 150w, https:\/\/i0.wp.com\/www.tvturk.com\/wp-content\/uploads\/2019\/02\/vatandas-istedi-kayyum-yapti_ac07593.jpg?resize=300%2C225 300w, https:\/\/i0.wp.com\/www.tvturk.com\/wp-content\/uploads\/2019\/02\/vatandas-istedi-kayyum-yapti_ac07593.jpg?resize=768%2C576 768w\" width=\"496\" height=\"372\" loading=\"lazy\" data-original-width=\"496\" data-original-height=\"372\" itemprop=\"http:\/\/schema.org\/image\" title=\"Vatanda\u015f istedi, kayyum yapt\u0131\" alt=\"Vatanda\u015f istedi, kayyum yapt\u0131\" style=\"width: 496px; height: 372px;\" \/> <\/a> <\/div> <\/div> <!-- close group --> <\/div> <!-- close row --> <\/div><\/p>\n","protected":false},"excerpt":{"rendered":"<p>\u015eIRNAK\u2019IN ULUDERE \u0130L\u00c7E BELED\u0130YES\u0130 EK\u0130PLER\u0130NCE, TEHL\u0130KE ARZ EDEN ALANLARA KORKULUK YERLE\u015eT\u0130R\u0130LD\u0130.<\/p>\n","protected":false},"author":1,"featured_media":17194,"comment_status":"closed","ping_status":"open","sticky":false,"template":"","format":"standard","meta":{"jetpack_post_was_ever_published":false,"_jetpack_newsletter_access":"","_jetpack_dont_email_post_to_subs":false,"_jetpack_newsletter_tier_id":0,"_jetpack_memberships_contains_paywalled_content":false,"_jetpack_memberships_contains_paid_content":false,"footnotes":"","jetpack_publicize_message":"","jetpack_publicize_feature_enabled":true,"jetpack_social_post_already_shared":false,"jetpack_social_options":{"image_generator_settings":{"template":"highway","default_image_id":0,"font":"","enabled":false},"version":2}},"categories":[655],"tags":[2411,6045,1626,292],"class_list":["post-17193","post","type-post","status-publish","format-standard","has-post-thumbnail","hentry","category-son-dakika","tag-istedi","tag-kayyum","tag-vatandas","tag-yapti"],"jetpack_publicize_connections":[],"jetpack_featured_media_url":"https:\/\/i0.wp.com\/www.tvturk.com\/wp-content\/uploads\/2019\/02\/vatandas-istedi-kayyum-yapti_1bce93e.jpg?fit=960%2C540","jetpack_sharing_enabled":true,"jetpack_shortlink":"https:\/\/wp.me\/paKIfm-4tj","_links":{"self":[{"href":"http:\/\/www.tvturk.com\/index.php\/wp-json\/wp\/v2\/posts\/17193","targetHints":{"allow":["GET"]}}],"collection":[{"href":"http:\/\/www.tvturk.com\/index.php\/wp-json\/wp\/v2\/posts"}],"about":[{"href":"http:\/\/www.tvturk.com\/index.php\/wp-json\/wp\/v2\/types\/post"}],"author":[{"embeddable":true,"href":"http:\/\/www.tvturk.com\/index.php\/wp-json\/wp\/v2\/users\/1"}],"replies":[{"embeddable":true,"href":"http:\/\/www.tvturk.com\/index.php\/wp-json\/wp\/v2\/comments?post=17193"}],"version-history":[{"count":1,"href":"http:\/\/www.tvturk.com\/index.php\/wp-json\/wp\/v2\/posts\/17193\/revisions"}],"predecessor-version":[{"id":17196,"href":"http:\/\/www.tvturk.com\/index.php\/wp-json\/wp\/v2\/posts\/17193\/revisions\/17196"}],"wp:featuredmedia":[{"embeddable":true,"href":"http:\/\/www.tvturk.com\/index.php\/wp-json\/wp\/v2\/media\/17194"}],"wp:attachment":[{"href":"http:\/\/www.tvturk.com\/index.php\/wp-json\/wp\/v2\/media?parent=17193"}],"wp:term":[{"taxonomy":"category","embeddable":true,"href":"http:\/\/www.tvturk.com\/index.php\/wp-json\/wp\/v2\/categories?post=17193"},{"taxonomy":"post_tag","embeddable":true,"href":"http:\/\/www.tvturk.com\/index.php\/wp-json\/wp\/v2\/tags?post=17193"}],"curies":[{"name":"wp","href":"https:\/\/api.w.org\/{rel}","templated":true}]}}