{"id":171938,"date":"2019-06-20T17:01:52","date_gmt":"2019-06-20T14:01:52","guid":{"rendered":"http:\/\/www.tvturk.com\/index.php\/turkiye-azerbaycan-gurcistandan-dak-tatbikati\/"},"modified":"2019-06-20T17:01:52","modified_gmt":"2019-06-20T14:01:52","slug":"turkiye-azerbaycan-gurcistandan-dak-tatbikati","status":"publish","type":"post","link":"http:\/\/www.tvturk.com\/index.php\/turkiye-azerbaycan-gurcistandan-dak-tatbikati\/","title":{"rendered":"T\u00fcrkiye-Azerbaycan-G\u00fcrcistan\u2019dan DAK tatbikat\u0131"},"content":{"rendered":"<p>T\u00fcrkiye-Azerbaycan-G\u00fcrcistan Deprem Arama Kurtarma (DAK) Tatbikat\u0131, Ankara\u2019da ba\u015far\u0131l\u0131 \u015fekilde ger\u00e7ekle\u015ftirildi.<\/p>\n<p>T\u00fcrkiye-Azerbaycan-G\u00fcrcistan Deprem Arama Kurtarma (DAK) Tatbikat\u0131, Genelkurmay Ba\u015fkanl\u0131\u011f\u0131, Kara Kuvvetleri Komutanl\u0131\u011f\u0131, 4\u2019\u00fcnc\u00fc Kolordu Komutanl\u0131\u011f\u0131 ve Kara Kuvvetleri Lojistik Komutanl\u0131\u011f\u0131ndan temsilciler ile ana ast birlik komutanlar\u0131n\u0131n kat\u0131l\u0131m\u0131yla, Ankara\u2019da ba\u015far\u0131l\u0131 \u015fekilde ger\u00e7ekle\u015ftirildi.<\/p>\n","protected":false},"excerpt":{"rendered":"<p>T\u00dcRK\u0130YE-AZERBAYCAN-G\u00dcRC\u0130STAN DEPREM ARAMA KURTARMA (DAK) TATB\u0130KATI, ANKARA&#8217;DA BA\u015eARILI \u015eEK\u0130LDE GER\u00c7EKLE\u015eT\u0130R\u0130LD\u0130.<\/p>\n","protected":false},"author":1,"featured_media":0,"comment_status":"closed","ping_status":"open","sticky":false,"template":"","format":"standard","meta":{"jetpack_post_was_ever_published":false,"_jetpack_newsletter_access":"","_jetpack_dont_email_post_to_subs":false,"_jetpack_newsletter_tier_id":0,"_jetpack_memberships_contains_paywalled_content":false,"_jetpack_memberships_contains_paid_content":false,"footnotes":"","jetpack_publicize_message":"","jetpack_publicize_feature_enabled":true,"jetpack_social_post_already_shared":true,"jetpack_social_options":{"image_generator_settings":{"template":"highway","default_image_id":0,"font":"","enabled":false},"version":2}},"categories":[1],"tags":[41553,222,41552],"class_list":["post-171938","post","type-post","status-publish","format-standard","hentry","category-genel","tag-dak","tag-tatbikati","tag-turkiye-azerbaycan-gurcistandan"],"jetpack_publicize_connections":[],"jetpack_featured_media_url":"","jetpack_sharing_enabled":true,"jetpack_shortlink":"https:\/\/wp.me\/paKIfm-IJc","_links":{"self":[{"href":"http:\/\/www.tvturk.com\/index.php\/wp-json\/wp\/v2\/posts\/171938","targetHints":{"allow":["GET"]}}],"collection":[{"href":"http:\/\/www.tvturk.com\/index.php\/wp-json\/wp\/v2\/posts"}],"about":[{"href":"http:\/\/www.tvturk.com\/index.php\/wp-json\/wp\/v2\/types\/post"}],"author":[{"embeddable":true,"href":"http:\/\/www.tvturk.com\/index.php\/wp-json\/wp\/v2\/users\/1"}],"replies":[{"embeddable":true,"href":"http:\/\/www.tvturk.com\/index.php\/wp-json\/wp\/v2\/comments?post=171938"}],"version-history":[{"count":0,"href":"http:\/\/www.tvturk.com\/index.php\/wp-json\/wp\/v2\/posts\/171938\/revisions"}],"wp:attachment":[{"href":"http:\/\/www.tvturk.com\/index.php\/wp-json\/wp\/v2\/media?parent=171938"}],"wp:term":[{"taxonomy":"category","embeddable":true,"href":"http:\/\/www.tvturk.com\/index.php\/wp-json\/wp\/v2\/categories?post=171938"},{"taxonomy":"post_tag","embeddable":true,"href":"http:\/\/www.tvturk.com\/index.php\/wp-json\/wp\/v2\/tags?post=171938"}],"curies":[{"name":"wp","href":"https:\/\/api.w.org\/{rel}","templated":true}]}}