{"id":171946,"date":"2019-06-20T17:16:34","date_gmt":"2019-06-20T14:16:34","guid":{"rendered":"http:\/\/www.tvturk.com\/index.php\/darendede-saganak-yagis-sele-neden-oldu\/"},"modified":"2019-06-20T17:16:34","modified_gmt":"2019-06-20T14:16:34","slug":"darendede-saganak-yagis-sele-neden-oldu","status":"publish","type":"post","link":"http:\/\/www.tvturk.com\/index.php\/darendede-saganak-yagis-sele-neden-oldu\/","title":{"rendered":"Darende\u2019de sa\u011fanak ya\u011f\u0131\u015f sele neden oldu"},"content":{"rendered":"<p>Malatya\u2019n\u0131n Darende il\u00e7esinde etkili olan sa\u011fanak ya\u011f\u0131\u015f su bask\u0131nlar\u0131na neden oldu. Ya\u011f\u0131\u015f sonras\u0131 il\u00e7ede bulunan Pat Pat deresinin ta\u015fmas\u0131yla mahalleyi sel bast\u0131.<\/p>\n<p>Darende\u2019de \u00f6\u011fle saatlerinden itibaren etkili olan sa\u011fanak ya\u011f\u0131\u015f hayat\u0131 olumsuz etkiledi. A\u015f\u0131r\u0131 ya\u011f\u0131\u015f il\u00e7eye ba\u011fl\u0131 G\u00fcnp\u0131nar Mahallesi\u2019nde bulunan Pat Pat deresinin ta\u015fmas\u0131na neden oldu. Dereden \u00e7\u0131kan toprak ve ta\u015f y\u0131\u011f\u0131nlar\u0131 yollar\u0131 kapat\u0131rken baz\u0131 ara\u00e7lar \u00e7amur kapl\u0131 yollardan \u00e7\u0131kmakta zorland\u0131.<\/p>\n<p>Ya\u011f\u0131\u015f\u0131n il\u00e7ede gece saatlerine kadar aral\u0131klarla s\u00fcrece\u011fi \u00f6\u011frenilirken il\u00e7enin baz\u0131 b\u00f6lgelerinde de dolu ya\u011fd\u0131\u011f\u0131 bilgisine ula\u015f\u0131ld\u0131.<\/p>\n","protected":false},"excerpt":{"rendered":"<p>MALATYA\u2019NIN DARENDE \u0130L\u00c7ES\u0130NDE ETK\u0130L\u0130 OLAN SA\u011eANAK YA\u011eI\u015e SU BASKINLARINA NEDEN OLDU. YA\u011eI\u015e SONRASI \u0130L\u00c7EDE BULUNAN PAT PAT DERES\u0130N\u0130N TA\u015eMASIYLA MAHALLEY\u0130 SEL G\u00d6T\u00dcRD\u00dc. DEREDEN \u00c7IKAN TOPRAK VE TA\u015e PAR\u00c7ALARI YOLLARI KAPATTI.<\/p>\n","protected":false},"author":1,"featured_media":0,"comment_status":"closed","ping_status":"open","sticky":false,"template":"","format":"standard","meta":{"jetpack_post_was_ever_published":false,"_jetpack_newsletter_access":"","_jetpack_dont_email_post_to_subs":false,"_jetpack_newsletter_tier_id":0,"_jetpack_memberships_contains_paywalled_content":false,"_jetpack_memberships_contains_paid_content":false,"footnotes":"","jetpack_publicize_message":"","jetpack_publicize_feature_enabled":true,"jetpack_social_post_already_shared":true,"jetpack_social_options":{"image_generator_settings":{"template":"highway","default_image_id":0,"font":"","enabled":false},"version":2}},"categories":[1],"tags":[12655,1130,77,4463,8394,1577],"class_list":["post-171946","post","type-post","status-publish","format-standard","hentry","category-genel","tag-darendede","tag-neden","tag-oldu","tag-saganak","tag-sele","tag-yagis"],"jetpack_publicize_connections":[],"jetpack_featured_media_url":"","jetpack_sharing_enabled":true,"jetpack_shortlink":"https:\/\/wp.me\/paKIfm-IJk","_links":{"self":[{"href":"http:\/\/www.tvturk.com\/index.php\/wp-json\/wp\/v2\/posts\/171946","targetHints":{"allow":["GET"]}}],"collection":[{"href":"http:\/\/www.tvturk.com\/index.php\/wp-json\/wp\/v2\/posts"}],"about":[{"href":"http:\/\/www.tvturk.com\/index.php\/wp-json\/wp\/v2\/types\/post"}],"author":[{"embeddable":true,"href":"http:\/\/www.tvturk.com\/index.php\/wp-json\/wp\/v2\/users\/1"}],"replies":[{"embeddable":true,"href":"http:\/\/www.tvturk.com\/index.php\/wp-json\/wp\/v2\/comments?post=171946"}],"version-history":[{"count":0,"href":"http:\/\/www.tvturk.com\/index.php\/wp-json\/wp\/v2\/posts\/171946\/revisions"}],"wp:attachment":[{"href":"http:\/\/www.tvturk.com\/index.php\/wp-json\/wp\/v2\/media?parent=171946"}],"wp:term":[{"taxonomy":"category","embeddable":true,"href":"http:\/\/www.tvturk.com\/index.php\/wp-json\/wp\/v2\/categories?post=171946"},{"taxonomy":"post_tag","embeddable":true,"href":"http:\/\/www.tvturk.com\/index.php\/wp-json\/wp\/v2\/tags?post=171946"}],"curies":[{"name":"wp","href":"https:\/\/api.w.org\/{rel}","templated":true}]}}