{"id":171958,"date":"2019-06-20T17:31:55","date_gmt":"2019-06-20T14:31:55","guid":{"rendered":"http:\/\/www.tvturk.com\/index.php\/secim-yolculuklari-basladi\/"},"modified":"2019-06-20T17:31:55","modified_gmt":"2019-06-20T14:31:55","slug":"secim-yolculuklari-basladi","status":"publish","type":"post","link":"http:\/\/www.tvturk.com\/index.php\/secim-yolculuklari-basladi\/","title":{"rendered":"Se\u00e7im yolculuklar\u0131 ba\u015flad\u0131"},"content":{"rendered":"<p>23 Haziran\u2019daki \u0130stanbul se\u00e7imleri i\u00e7in geri say\u0131ma ge\u00e7ilirken, Bal\u0131kesir\u2019in Edremit il\u00e7esindeki tatilciler ve se\u00e7menler de d\u00f6n\u00fc\u015f yolculu\u011funa ba\u015flad\u0131. CHP Edremit \u0130l\u00e7e Ba\u015fkanl\u0131\u011f\u0131 taraf\u0131ndan 2 bin 551 ki\u015fi 87 otob\u00fcsle \u0130stanbul\u2019a ula\u015ft\u0131r\u0131lacak.<\/p>\n<p>CHP Edremit il\u00e7e \u00f6rg\u00fct\u00fcn\u00fcn de 23 Haziran se\u00e7imleri i\u00e7in \u0130stanbul\u2019a toplam 87 otob\u00fcs kald\u0131raca\u011f\u0131 \u00f6\u011frenildi. Otob\u00fcslerin bir b\u00f6l\u00fcm\u00fc yola \u00e7\u0131kt\u0131. CHP Edremit \u0130l\u00e7e Ba\u015fkanl\u0131\u011f\u0131 taraf\u0131ndan \u0130stanbul se\u00e7imlerinde oy kullanacak toplam 2 bin 551 se\u00e7menin ula\u015f\u0131m\u0131 sa\u011flanacak.<\/p>\n<p>CHP Edremit \u0130l\u00e7e Ba\u015fkan\u0131 Fatih Y\u0131lmaz, \u201cGelen talepler do\u011frultusuna Edremit\u2019te bulunan, \u0130stanbul se\u00e7imlerinde oy kullanacak vatanda\u015flar\u0131m\u0131z\u0131n ula\u015f\u0131m\u0131 i\u00e7in gerekli kolayl\u0131klar\u0131 sa\u011fl\u0131yoruz. 2 bin 551 se\u00e7menimizin Edremit\u2019ten \u0130stanbul\u2019a ula\u015f\u0131m\u0131 i\u00e7in 87 otob\u00fcs ayarlad\u0131k. \u0130lk grubu yolcu ettik. Bu konuda bize desteklerini esirgemeyen, her zaman yan\u0131m\u0131zda olan Edremit Belediye Ba\u015fkan\u0131m\u0131z Selman Hasan Arslan\u2019a te\u015fekk\u00fcr ediyorum\u201d dedi.<\/p>\n<p>\u0130stanbul\u2019da se\u00e7im \u00e7al\u0131\u015fmalar\u0131n\u0131 s\u00fcrd\u00fcren Edremit Belediye Ba\u015fkan\u0131 Selman Hasan Arslan ise yapt\u0131\u011f\u0131 a\u00e7\u0131klamada, \u201c23 Haziran se\u00e7imleri i\u00e7in \u0130stanbul\u2019a toplam 87 otob\u00fcs 2 bin 551 se\u00e7men g\u00f6t\u00fcrerek belki de t\u00fcm T\u00fcrkiye\u2019ye \u00f6nc\u00fcl\u00fck eden CHP Edremit \u0130l\u00e7e Ba\u015fkan\u0131 Say\u0131n Fatih Y\u0131lmaz nezdinde eme\u011fi ge\u00e7en ve destek olan herkese \u00e7ok te\u015fekk\u00fcr ediyorum. Bir oyun dahi \u00e7ok k\u0131ymetli oldu\u011fu 23 Haziran se\u00e7imlerinde Ekrem \u0130mamo\u011flu\u2019na sonuna kadar destek olmaya ve demokrasimize sahip \u00e7\u0131kmaya devam edece\u011fiz\u201d dedi.<\/p>\n","protected":false},"excerpt":{"rendered":"<p>23 HAZ\u0130RAN\u2019DAK\u0130 \u0130STANBUL SE\u00c7\u0130MLER\u0130 \u0130\u00c7\u0130N GER\u0130 SAYIMA GE\u00c7\u0130L\u0130RKEN, BALIKES\u0130R\u2019\u0130N EDREM\u0130T \u0130L\u00c7ES\u0130NDEK\u0130 TAT\u0130LC\u0130LER VE SE\u00c7MENLER DE D\u00d6N\u00dc\u015e YOLCULU\u011eUNA BA\u015eLADI. CHP EDREM\u0130T \u0130L\u00c7E BA\u015eKANLI\u011eI TARAFINDAN 2 B\u0130N 551 K\u0130\u015e\u0130 87 OTOB\u00dcSLE \u0130STANBUL\u2019A ULA\u015eTIRILACAK.<\/p>\n","protected":false},"author":1,"featured_media":0,"comment_status":"closed","ping_status":"open","sticky":false,"template":"","format":"standard","meta":{"jetpack_post_was_ever_published":false,"_jetpack_newsletter_access":"","_jetpack_dont_email_post_to_subs":false,"_jetpack_newsletter_tier_id":0,"_jetpack_memberships_contains_paywalled_content":false,"_jetpack_memberships_contains_paid_content":false,"footnotes":"","jetpack_publicize_message":"","jetpack_publicize_feature_enabled":true,"jetpack_social_post_already_shared":true,"jetpack_social_options":{"image_generator_settings":{"template":"highway","default_image_id":0,"font":"","enabled":false},"version":2}},"categories":[1],"tags":[55,402,9457],"class_list":["post-171958","post","type-post","status-publish","format-standard","hentry","category-genel","tag-basladi","tag-secim","tag-yolculuklari"],"jetpack_publicize_connections":[],"jetpack_featured_media_url":"","jetpack_sharing_enabled":true,"jetpack_shortlink":"https:\/\/wp.me\/paKIfm-IJw","_links":{"self":[{"href":"http:\/\/www.tvturk.com\/index.php\/wp-json\/wp\/v2\/posts\/171958","targetHints":{"allow":["GET"]}}],"collection":[{"href":"http:\/\/www.tvturk.com\/index.php\/wp-json\/wp\/v2\/posts"}],"about":[{"href":"http:\/\/www.tvturk.com\/index.php\/wp-json\/wp\/v2\/types\/post"}],"author":[{"embeddable":true,"href":"http:\/\/www.tvturk.com\/index.php\/wp-json\/wp\/v2\/users\/1"}],"replies":[{"embeddable":true,"href":"http:\/\/www.tvturk.com\/index.php\/wp-json\/wp\/v2\/comments?post=171958"}],"version-history":[{"count":0,"href":"http:\/\/www.tvturk.com\/index.php\/wp-json\/wp\/v2\/posts\/171958\/revisions"}],"wp:attachment":[{"href":"http:\/\/www.tvturk.com\/index.php\/wp-json\/wp\/v2\/media?parent=171958"}],"wp:term":[{"taxonomy":"category","embeddable":true,"href":"http:\/\/www.tvturk.com\/index.php\/wp-json\/wp\/v2\/categories?post=171958"},{"taxonomy":"post_tag","embeddable":true,"href":"http:\/\/www.tvturk.com\/index.php\/wp-json\/wp\/v2\/tags?post=171958"}],"curies":[{"name":"wp","href":"https:\/\/api.w.org\/{rel}","templated":true}]}}